{"id":10162,"date":"2025-11-04T16:38:51","date_gmt":"2025-11-04T16:38:51","guid":{"rendered":"https:\/\/www.abchukuk.com\/index.php\/2025\/11\/04\/ekrem-imamoglunun-babasi-ve-oglu-hakkinda-adli-kontrol-karari\/"},"modified":"2025-11-04T16:38:51","modified_gmt":"2025-11-04T16:38:51","slug":"ekrem-imamoglunun-babasi-ve-oglu-hakkinda-adli-kontrol-karari","status":"publish","type":"post","link":"https:\/\/www.abchukuk.com\/index.php\/2025\/11\/04\/ekrem-imamoglunun-babasi-ve-oglu-hakkinda-adli-kontrol-karari\/","title":{"rendered":"Ekrem \u0130mamo\u011flu&#8217;nun babas\u0131 ve o\u011flu hakk\u0131nda adli kontrol karar\u0131"},"content":{"rendered":"<p>\u0130BB&#8217;ye y\u00f6nelik yolsuzluk soru\u015fturmas\u0131 kapsam\u0131nda ifadeye \u00e7a\u011fr\u0131ld\u0131\u011f\u0131 belirtilen Ekrem \u0130mamo\u011flu&#8217;nun babas\u0131 Hasan \u0130mamo\u011flu ile o\u011flu Selim \u0130mamo\u011flu hakk\u0131nda &#8216;yurtd\u0131\u015f\u0131 \u00e7\u0131k\u0131\u015f yasa\u011f\u0131&#8217; \u015feklinde adli kontrol karar\u0131 verildi.\u0130BB&#8217;ye y\u00f6nelik yolsuzluk soru\u015fturmas\u0131 kapsam\u0131nda ifadeye \u00e7a\u011fr\u0131ld\u0131\u011f\u0131 belirtilen Ekrem \u0130mamo\u011flu&#8217;nun babas\u0131 Hasan \u0130mamo\u011flu ile o\u011flu Selim \u0130mamo\u011flu hakk\u0131nda &#8216;yurtd\u0131\u015f\u0131 \u00e7\u0131k\u0131\u015f yasa\u011f\u0131&#8217; \u015feklinde adli kontrol karar\u0131 verildi.\u00a0<a href=\"https:\/\/anlatilaninotesi.com.tr\/20251104\/ekrem-imamoglunun-babasi-ve-oglu-hakkinda-adli-kontrol-karari-1100735171.html\" target=\"_blank\" class=\"feedzy-rss-link-icon\">Read More<\/a><\/p>","protected":false},"excerpt":{"rendered":"<p>\u0130BB&#8217;ye y\u00f6nelik yolsuzluk soru\u015fturmas\u0131 kapsam\u0131nda ifadeye \u00e7a\u011fr\u0131ld\u0131\u011f\u0131 belirtilen Ekrem \u0130mamo\u011flu&#8217;nun babas\u0131 Hasan \u0130mamo\u011flu ile o\u011flu Selim \u0130mamo\u011flu hakk\u0131nda &#8216;yurtd\u0131\u015f\u0131 \u00e7\u0131k\u0131\u015f yasa\u011f\u0131&#8217; \u015feklinde adli kontrol karar\u0131 verildi.\u0130BB&#8217;ye y\u00f6nelik yolsuzluk soru\u015fturmas\u0131 kapsam\u0131nda ifadeye \u00e7a\u011fr\u0131ld\u0131\u011f\u0131 belirtilen Ekrem \u0130mamo\u011flu&#8217;nun babas\u0131 Hasan \u0130mamo\u011flu ile o\u011flu Selim \u0130mamo\u011flu hakk\u0131nda &#8216;yurtd\u0131\u015f\u0131 \u00e7\u0131k\u0131\u015f yasa\u011f\u0131&#8217; \u015feklinde adli kontrol karar\u0131 verildi.\u00a0Read More<\/p>\n","protected":false},"author":1,"featured_media":0,"comment_status":"open","ping_status":"open","sticky":false,"template":"","format":"standard","meta":{"footnotes":"","_links_to":"","_links_to_target":""},"categories":[1],"tags":[],"class_list":["post-10162","post","type-post","status-publish","format-standard","hentry","category-haberler"],"_links":{"self":[{"href":"https:\/\/www.abchukuk.com\/index.php\/wp-json\/wp\/v2\/posts\/10162","targetHints":{"allow":["GET"]}}],"collection":[{"href":"https:\/\/www.abchukuk.com\/index.php\/wp-json\/wp\/v2\/posts"}],"about":[{"href":"https:\/\/www.abchukuk.com\/index.php\/wp-json\/wp\/v2\/types\/post"}],"author":[{"embeddable":true,"href":"https:\/\/www.abchukuk.com\/index.php\/wp-json\/wp\/v2\/users\/1"}],"replies":[{"embeddable":true,"href":"https:\/\/www.abchukuk.com\/index.php\/wp-json\/wp\/v2\/comments?post=10162"}],"version-history":[{"count":0,"href":"https:\/\/www.abchukuk.com\/index.php\/wp-json\/wp\/v2\/posts\/10162\/revisions"}],"wp:attachment":[{"href":"https:\/\/www.abchukuk.com\/index.php\/wp-json\/wp\/v2\/media?parent=10162"}],"wp:term":[{"taxonomy":"category","embeddable":true,"href":"https:\/\/www.abchukuk.com\/index.php\/wp-json\/wp\/v2\/categories?post=10162"},{"taxonomy":"post_tag","embeddable":true,"href":"https:\/\/www.abchukuk.com\/index.php\/wp-json\/wp\/v2\/tags?post=10162"}],"curies":[{"name":"wp","href":"https:\/\/api.w.org\/{rel}","templated":true}]}}