{"id":10158,"date":"2025-11-04T15:40:00","date_gmt":"2025-11-04T15:40:00","guid":{"rendered":"https:\/\/www.abchukuk.com\/index.php\/2025\/11\/04\/mhpden-bir-demirtas-aciklamasi-daha-bu-asamadan-sonra-mahkeme-tarafindan-tahliye-karari-verilecektir\/"},"modified":"2025-11-04T15:40:00","modified_gmt":"2025-11-04T15:40:00","slug":"mhpden-bir-demirtas-aciklamasi-daha-bu-asamadan-sonra-mahkeme-tarafindan-tahliye-karari-verilecektir","status":"publish","type":"post","link":"https:\/\/www.abchukuk.com\/index.php\/2025\/11\/04\/mhpden-bir-demirtas-aciklamasi-daha-bu-asamadan-sonra-mahkeme-tarafindan-tahliye-karari-verilecektir\/","title":{"rendered":"MHP\u2019den bir \u2018Demirta\u015f\u2019 a\u00e7\u0131klamas\u0131 daha: \u2018Bu a\u015famadan sonra mahkeme taraf\u0131ndan tahliye karar\u0131 verilecektir\u2019"},"content":{"rendered":"<p>MHP Genel Ba\u015fkan Yard\u0131mc\u0131s\u0131 Feti Y\u0131ld\u0131z, eski HDP E\u015f Genel Ba\u015fkan\u0131 Selahattin Demirta\u015f hakk\u0131ndaki A\u0130HM karar\u0131na ili\u015fkin, &#8220;Mahkeme bakanl\u0131kla yaz\u0131\u015farak karar\u0131n asl\u0131n\u0131 isteyebilir. Bu a\u015famadan sonra mahkeme taraf\u0131ndan tahliye karar\u0131 verilecektir&#8221; a\u00e7\u0131klamas\u0131n\u0131 yapt\u0131.MHP Genel Ba\u015fkan Yard\u0131mc\u0131s\u0131 Feti Y\u0131ld\u0131z, eski HDP E\u015f Genel Ba\u015fkan\u0131 Selahattin Demirta\u015f hakk\u0131ndaki A\u0130HM karar\u0131na ili\u015fkin, &#8220;Mahkeme bakanl\u0131kla yaz\u0131\u015farak karar\u0131n asl\u0131n\u0131 isteyebilir. Bu a\u015famadan sonra mahkeme taraf\u0131ndan tahliye karar\u0131 verilecektir&#8221; a\u00e7\u0131klamas\u0131n\u0131 yapt\u0131.\u00a0<a href=\"https:\/\/www.cumhuriyet.com.tr\/siyaset\/mhp-den-bir-demirtas-aciklamasi-daha-bu-asamadan-sonra-mahkeme-tarafindan-tahliye-karari-verilecektir-2449815\" target=\"_blank\" class=\"feedzy-rss-link-icon\">Read More<\/a><\/p>","protected":false},"excerpt":{"rendered":"<p>MHP Genel Ba\u015fkan Yard\u0131mc\u0131s\u0131 Feti Y\u0131ld\u0131z, eski HDP E\u015f Genel Ba\u015fkan\u0131 Selahattin Demirta\u015f hakk\u0131ndaki A\u0130HM karar\u0131na ili\u015fkin, &#8220;Mahkeme bakanl\u0131kla yaz\u0131\u015farak karar\u0131n asl\u0131n\u0131 isteyebilir. Bu a\u015famadan sonra mahkeme taraf\u0131ndan tahliye karar\u0131 verilecektir&#8221; a\u00e7\u0131klamas\u0131n\u0131 yapt\u0131.MHP Genel Ba\u015fkan Yard\u0131mc\u0131s\u0131 Feti Y\u0131ld\u0131z, eski HDP E\u015f Genel Ba\u015fkan\u0131 Selahattin Demirta\u015f hakk\u0131ndaki A\u0130HM karar\u0131na ili\u015fkin, &#8220;Mahkeme bakanl\u0131kla yaz\u0131\u015farak karar\u0131n asl\u0131n\u0131 isteyebilir. [&hellip;]<\/p>\n","protected":false},"author":1,"featured_media":10159,"comment_status":"open","ping_status":"open","sticky":false,"template":"","format":"standard","meta":{"footnotes":"","_links_to":"","_links_to_target":""},"categories":[1],"tags":[],"class_list":["post-10158","post","type-post","status-publish","format-standard","has-post-thumbnail","hentry","category-haberler"],"_links":{"self":[{"href":"https:\/\/www.abchukuk.com\/index.php\/wp-json\/wp\/v2\/posts\/10158","targetHints":{"allow":["GET"]}}],"collection":[{"href":"https:\/\/www.abchukuk.com\/index.php\/wp-json\/wp\/v2\/posts"}],"about":[{"href":"https:\/\/www.abchukuk.com\/index.php\/wp-json\/wp\/v2\/types\/post"}],"author":[{"embeddable":true,"href":"https:\/\/www.abchukuk.com\/index.php\/wp-json\/wp\/v2\/users\/1"}],"replies":[{"embeddable":true,"href":"https:\/\/www.abchukuk.com\/index.php\/wp-json\/wp\/v2\/comments?post=10158"}],"version-history":[{"count":0,"href":"https:\/\/www.abchukuk.com\/index.php\/wp-json\/wp\/v2\/posts\/10158\/revisions"}],"wp:featuredmedia":[{"embeddable":true,"href":"https:\/\/www.abchukuk.com\/index.php\/wp-json\/wp\/v2\/media\/10159"}],"wp:attachment":[{"href":"https:\/\/www.abchukuk.com\/index.php\/wp-json\/wp\/v2\/media?parent=10158"}],"wp:term":[{"taxonomy":"category","embeddable":true,"href":"https:\/\/www.abchukuk.com\/index.php\/wp-json\/wp\/v2\/categories?post=10158"},{"taxonomy":"post_tag","embeddable":true,"href":"https:\/\/www.abchukuk.com\/index.php\/wp-json\/wp\/v2\/tags?post=10158"}],"curies":[{"name":"wp","href":"https:\/\/api.w.org\/{rel}","templated":true}]}}