{"id":10156,"date":"2025-11-04T14:53:00","date_gmt":"2025-11-04T14:53:00","guid":{"rendered":"https:\/\/www.abchukuk.com\/index.php\/2025\/11\/04\/oglu-akli-yerinde-degil-demisti-ibrahim-tatlisesin-avukatindan-aciklama-dava-reddedildi\/"},"modified":"2025-11-04T14:53:00","modified_gmt":"2025-11-04T14:53:00","slug":"oglu-akli-yerinde-degil-demisti-ibrahim-tatlisesin-avukatindan-aciklama-dava-reddedildi","status":"publish","type":"post","link":"https:\/\/www.abchukuk.com\/index.php\/2025\/11\/04\/oglu-akli-yerinde-degil-demisti-ibrahim-tatlisesin-avukatindan-aciklama-dava-reddedildi\/","title":{"rendered":"O\u011flu &#8216;akl\u0131 yerinde de\u011fil&#8217; demi\u015fti&#8230; \u0130brahim Tatl\u0131ses&#8217;in avukat\u0131ndan a\u00e7\u0131klama: Dava reddedildi!"},"content":{"rendered":"<p>Mahkeme, Ahmet Tatl\u0131ses\u2019in a\u00e7t\u0131\u011f\u0131 vesayet davas\u0131n\u0131 reddederek \u0130brahim Tatl\u0131ses\u2019in ak\u0131l sa\u011fl\u0131\u011f\u0131n\u0131n tam oldu\u011funu belirledi; baba-o\u011fulun bir araya gelmemesi i\u00e7in uzakla\u015ft\u0131rma karar\u0131 verildi.Mahkeme, Ahmet Tatl\u0131ses\u2019in a\u00e7t\u0131\u011f\u0131 vesayet davas\u0131n\u0131 reddederek \u0130brahim Tatl\u0131ses\u2019in ak\u0131l sa\u011fl\u0131\u011f\u0131n\u0131n tam oldu\u011funu belirledi; baba-o\u011fulun bir araya gelmemesi i\u00e7in uzakla\u015ft\u0131rma karar\u0131 verildi.\u00a0<a href=\"https:\/\/www.cumhuriyet.com.tr\/yasam\/oglu-akli-yerinde-degil-demisti-ibrahim-tatlises-in-avukatindan-aciklama-dava-reddedildi-2449797\" target=\"_blank\" class=\"feedzy-rss-link-icon\">Read More<\/a><\/p>","protected":false},"excerpt":{"rendered":"<p>Mahkeme, Ahmet Tatl\u0131ses\u2019in a\u00e7t\u0131\u011f\u0131 vesayet davas\u0131n\u0131 reddederek \u0130brahim Tatl\u0131ses\u2019in ak\u0131l sa\u011fl\u0131\u011f\u0131n\u0131n tam oldu\u011funu belirledi; baba-o\u011fulun bir araya gelmemesi i\u00e7in uzakla\u015ft\u0131rma karar\u0131 verildi.Mahkeme, Ahmet Tatl\u0131ses\u2019in a\u00e7t\u0131\u011f\u0131 vesayet davas\u0131n\u0131 reddederek \u0130brahim Tatl\u0131ses\u2019in ak\u0131l sa\u011fl\u0131\u011f\u0131n\u0131n tam oldu\u011funu belirledi; baba-o\u011fulun bir araya gelmemesi i\u00e7in uzakla\u015ft\u0131rma karar\u0131 verildi.\u00a0Read More<\/p>\n","protected":false},"author":1,"featured_media":10157,"comment_status":"open","ping_status":"open","sticky":false,"template":"","format":"standard","meta":{"footnotes":"","_links_to":"","_links_to_target":""},"categories":[1],"tags":[],"class_list":["post-10156","post","type-post","status-publish","format-standard","has-post-thumbnail","hentry","category-haberler"],"_links":{"self":[{"href":"https:\/\/www.abchukuk.com\/index.php\/wp-json\/wp\/v2\/posts\/10156","targetHints":{"allow":["GET"]}}],"collection":[{"href":"https:\/\/www.abchukuk.com\/index.php\/wp-json\/wp\/v2\/posts"}],"about":[{"href":"https:\/\/www.abchukuk.com\/index.php\/wp-json\/wp\/v2\/types\/post"}],"author":[{"embeddable":true,"href":"https:\/\/www.abchukuk.com\/index.php\/wp-json\/wp\/v2\/users\/1"}],"replies":[{"embeddable":true,"href":"https:\/\/www.abchukuk.com\/index.php\/wp-json\/wp\/v2\/comments?post=10156"}],"version-history":[{"count":0,"href":"https:\/\/www.abchukuk.com\/index.php\/wp-json\/wp\/v2\/posts\/10156\/revisions"}],"wp:featuredmedia":[{"embeddable":true,"href":"https:\/\/www.abchukuk.com\/index.php\/wp-json\/wp\/v2\/media\/10157"}],"wp:attachment":[{"href":"https:\/\/www.abchukuk.com\/index.php\/wp-json\/wp\/v2\/media?parent=10156"}],"wp:term":[{"taxonomy":"category","embeddable":true,"href":"https:\/\/www.abchukuk.com\/index.php\/wp-json\/wp\/v2\/categories?post=10156"},{"taxonomy":"post_tag","embeddable":true,"href":"https:\/\/www.abchukuk.com\/index.php\/wp-json\/wp\/v2\/tags?post=10156"}],"curies":[{"name":"wp","href":"https:\/\/api.w.org\/{rel}","templated":true}]}}