{"id":10153,"date":"2025-11-04T12:29:00","date_gmt":"2025-11-04T12:29:00","guid":{"rendered":"https:\/\/www.abchukuk.com\/index.php\/2025\/11\/04\/bassavciliktan-ozgur-ozelin-aziz-ihsan-aktas-yurtdisina-kacti-iddiasina-yanit\/"},"modified":"2025-11-04T12:29:00","modified_gmt":"2025-11-04T12:29:00","slug":"bassavciliktan-ozgur-ozelin-aziz-ihsan-aktas-yurtdisina-kacti-iddiasina-yanit","status":"publish","type":"post","link":"https:\/\/www.abchukuk.com\/index.php\/2025\/11\/04\/bassavciliktan-ozgur-ozelin-aziz-ihsan-aktas-yurtdisina-kacti-iddiasina-yanit\/","title":{"rendered":"Ba\u015fsavc\u0131l\u0131k\u2019tan \u00d6zg\u00fcr \u00d6zel\u2019in &#8216;Aziz \u0130hsan Akta\u015f yurtd\u0131\u015f\u0131na ka\u00e7t\u0131&#8217; iddias\u0131na yan\u0131t"},"content":{"rendered":"<p>Partisinin grup toplant\u0131s\u0131nda konu\u015fan CHP lideri \u00d6zg\u00fcr \u00d6zel, CHP&#8217;li belediyeler hakk\u0131nda a\u00e7\u0131lan soru\u015fturmalar\u0131n ba\u015frol\u00fcnde yer alan ve hakk\u0131nda 704 y\u0131l hapis cezas\u0131 istenen su\u00e7 \u00f6rg\u00fct\u00fc lideri Aziz \u0130hsan Akta\u015f&#8217;la ilgili &#8216;ka\u00e7t\u0131\u011f\u0131 s\u00f6yleniyor&#8217; dedi. Cumhuriyet\u2019in ula\u015ft\u0131\u011f\u0131 Ba\u015fsavc\u0131l\u0131k kaynaklar\u0131, iddiay\u0131 reddetti.Partisinin grup toplant\u0131s\u0131nda konu\u015fan CHP lideri \u00d6zg\u00fcr \u00d6zel, CHP&#8217;li belediyeler hakk\u0131nda a\u00e7\u0131lan soru\u015fturmalar\u0131n ba\u015frol\u00fcnde yer alan ve hakk\u0131nda 704 y\u0131l hapis cezas\u0131 istenen su\u00e7 \u00f6rg\u00fct\u00fc lideri Aziz \u0130hsan Akta\u015f&#8217;la ilgili &#8216;ka\u00e7t\u0131\u011f\u0131 s\u00f6yleniyor&#8217; dedi. Cumhuriyet\u2019in ula\u015ft\u0131\u011f\u0131 Ba\u015fsavc\u0131l\u0131k kaynaklar\u0131, iddiay\u0131 reddetti.\u00a0<a href=\"https:\/\/www.cumhuriyet.com.tr\/turkiye\/bassavcilik-tan-ozgur-ozel-in-aziz-ihsan-aktas-yurtdisina-kacti-iddiasina-yanit-2449726\" target=\"_blank\" class=\"feedzy-rss-link-icon\">Read More<\/a><\/p>","protected":false},"excerpt":{"rendered":"<p>Partisinin grup toplant\u0131s\u0131nda konu\u015fan CHP lideri \u00d6zg\u00fcr \u00d6zel, CHP&#8217;li belediyeler hakk\u0131nda a\u00e7\u0131lan soru\u015fturmalar\u0131n ba\u015frol\u00fcnde yer alan ve hakk\u0131nda 704 y\u0131l hapis cezas\u0131 istenen su\u00e7 \u00f6rg\u00fct\u00fc lideri Aziz \u0130hsan Akta\u015f&#8217;la ilgili &#8216;ka\u00e7t\u0131\u011f\u0131 s\u00f6yleniyor&#8217; dedi. Cumhuriyet\u2019in ula\u015ft\u0131\u011f\u0131 Ba\u015fsavc\u0131l\u0131k kaynaklar\u0131, iddiay\u0131 reddetti.Partisinin grup toplant\u0131s\u0131nda konu\u015fan CHP lideri \u00d6zg\u00fcr \u00d6zel, CHP&#8217;li belediyeler hakk\u0131nda a\u00e7\u0131lan soru\u015fturmalar\u0131n ba\u015frol\u00fcnde yer alan ve [&hellip;]<\/p>\n","protected":false},"author":1,"featured_media":10154,"comment_status":"open","ping_status":"open","sticky":false,"template":"","format":"standard","meta":{"footnotes":"","_links_to":"","_links_to_target":""},"categories":[1],"tags":[],"class_list":["post-10153","post","type-post","status-publish","format-standard","has-post-thumbnail","hentry","category-haberler"],"_links":{"self":[{"href":"https:\/\/www.abchukuk.com\/index.php\/wp-json\/wp\/v2\/posts\/10153","targetHints":{"allow":["GET"]}}],"collection":[{"href":"https:\/\/www.abchukuk.com\/index.php\/wp-json\/wp\/v2\/posts"}],"about":[{"href":"https:\/\/www.abchukuk.com\/index.php\/wp-json\/wp\/v2\/types\/post"}],"author":[{"embeddable":true,"href":"https:\/\/www.abchukuk.com\/index.php\/wp-json\/wp\/v2\/users\/1"}],"replies":[{"embeddable":true,"href":"https:\/\/www.abchukuk.com\/index.php\/wp-json\/wp\/v2\/comments?post=10153"}],"version-history":[{"count":0,"href":"https:\/\/www.abchukuk.com\/index.php\/wp-json\/wp\/v2\/posts\/10153\/revisions"}],"wp:featuredmedia":[{"embeddable":true,"href":"https:\/\/www.abchukuk.com\/index.php\/wp-json\/wp\/v2\/media\/10154"}],"wp:attachment":[{"href":"https:\/\/www.abchukuk.com\/index.php\/wp-json\/wp\/v2\/media?parent=10153"}],"wp:term":[{"taxonomy":"category","embeddable":true,"href":"https:\/\/www.abchukuk.com\/index.php\/wp-json\/wp\/v2\/categories?post=10153"},{"taxonomy":"post_tag","embeddable":true,"href":"https:\/\/www.abchukuk.com\/index.php\/wp-json\/wp\/v2\/tags?post=10153"}],"curies":[{"name":"wp","href":"https:\/\/api.w.org\/{rel}","templated":true}]}}