{"id":10148,"date":"2025-11-04T09:43:00","date_gmt":"2025-11-04T09:43:00","guid":{"rendered":"https:\/\/www.abchukuk.com\/index.php\/2025\/11\/04\/cezaevinde-dehset-goruse-gelen-4-yasindaki-kizini-agir-yaraladi-hastaneden-aciklama-geldi\/"},"modified":"2025-11-04T09:43:00","modified_gmt":"2025-11-04T09:43:00","slug":"cezaevinde-dehset-goruse-gelen-4-yasindaki-kizini-agir-yaraladi-hastaneden-aciklama-geldi","status":"publish","type":"post","link":"https:\/\/www.abchukuk.com\/index.php\/2025\/11\/04\/cezaevinde-dehset-goruse-gelen-4-yasindaki-kizini-agir-yaraladi-hastaneden-aciklama-geldi\/","title":{"rendered":"Cezaevinde deh\u015fet: G\u00f6r\u00fc\u015fe gelen 4 ya\u015f\u0131ndaki k\u0131z\u0131n\u0131 a\u011f\u0131r yaralad\u0131! Hastaneden a\u00e7\u0131klama geldi"},"content":{"rendered":"<p>Bolu&#8217;da T Tipi Kapal\u0131 Cezaevi&#8217;nde &#8220;adam \u00f6ld\u00fcrmeye te\u015febb\u00fcs&#8221; su\u00e7undan tutuklu bulunan mahkum, bo\u015fanma a\u015famas\u0131ndaki e\u015fiyle birlikte kendisini ziyarete gelen 4 ya\u015f\u0131ndaki k\u0131z\u0131n\u0131 a\u00e7\u0131k g\u00f6r\u00fc\u015f s\u0131ras\u0131nda d\u00f6verek hastanelik etmi\u015fti. Bir haftal\u0131k yo\u011fun bak\u0131m tedavisinin ard\u0131ndan k\u00fc\u00e7\u00fck k\u0131z\u0131n sa\u011fl\u0131k durumunun iyiye gitti\u011fi \u00f6\u011frenildi.Bolu&#8217;da T Tipi Kapal\u0131 Cezaevi&#8217;nde &#8220;adam \u00f6ld\u00fcrmeye te\u015febb\u00fcs&#8221; su\u00e7undan tutuklu bulunan mahkum, bo\u015fanma a\u015famas\u0131ndaki e\u015fiyle birlikte kendisini ziyarete gelen 4 ya\u015f\u0131ndaki k\u0131z\u0131n\u0131 a\u00e7\u0131k g\u00f6r\u00fc\u015f s\u0131ras\u0131nda d\u00f6verek hastanelik etmi\u015fti. Bir haftal\u0131k yo\u011fun bak\u0131m tedavisinin ard\u0131ndan k\u00fc\u00e7\u00fck k\u0131z\u0131n sa\u011fl\u0131k durumunun iyiye gitti\u011fi \u00f6\u011frenildi.\u00a0<a href=\"https:\/\/www.cumhuriyet.com.tr\/turkiye\/cezaevinde-dehset-goruse-gelen-4-yasindaki-kizini-agir-yaraladi-hastaneden-aciklama-geldi-2449681\" target=\"_blank\" class=\"feedzy-rss-link-icon\">Read More<\/a><\/p>","protected":false},"excerpt":{"rendered":"<p>Bolu&#8217;da T Tipi Kapal\u0131 Cezaevi&#8217;nde &#8220;adam \u00f6ld\u00fcrmeye te\u015febb\u00fcs&#8221; su\u00e7undan tutuklu bulunan mahkum, bo\u015fanma a\u015famas\u0131ndaki e\u015fiyle birlikte kendisini ziyarete gelen 4 ya\u015f\u0131ndaki k\u0131z\u0131n\u0131 a\u00e7\u0131k g\u00f6r\u00fc\u015f s\u0131ras\u0131nda d\u00f6verek hastanelik etmi\u015fti. Bir haftal\u0131k yo\u011fun bak\u0131m tedavisinin ard\u0131ndan k\u00fc\u00e7\u00fck k\u0131z\u0131n sa\u011fl\u0131k durumunun iyiye gitti\u011fi \u00f6\u011frenildi.Bolu&#8217;da T Tipi Kapal\u0131 Cezaevi&#8217;nde &#8220;adam \u00f6ld\u00fcrmeye te\u015febb\u00fcs&#8221; su\u00e7undan tutuklu bulunan mahkum, bo\u015fanma a\u015famas\u0131ndaki e\u015fiyle [&hellip;]<\/p>\n","protected":false},"author":1,"featured_media":10149,"comment_status":"open","ping_status":"open","sticky":false,"template":"","format":"standard","meta":{"footnotes":"","_links_to":"","_links_to_target":""},"categories":[1],"tags":[],"class_list":["post-10148","post","type-post","status-publish","format-standard","has-post-thumbnail","hentry","category-haberler"],"_links":{"self":[{"href":"https:\/\/www.abchukuk.com\/index.php\/wp-json\/wp\/v2\/posts\/10148","targetHints":{"allow":["GET"]}}],"collection":[{"href":"https:\/\/www.abchukuk.com\/index.php\/wp-json\/wp\/v2\/posts"}],"about":[{"href":"https:\/\/www.abchukuk.com\/index.php\/wp-json\/wp\/v2\/types\/post"}],"author":[{"embeddable":true,"href":"https:\/\/www.abchukuk.com\/index.php\/wp-json\/wp\/v2\/users\/1"}],"replies":[{"embeddable":true,"href":"https:\/\/www.abchukuk.com\/index.php\/wp-json\/wp\/v2\/comments?post=10148"}],"version-history":[{"count":0,"href":"https:\/\/www.abchukuk.com\/index.php\/wp-json\/wp\/v2\/posts\/10148\/revisions"}],"wp:featuredmedia":[{"embeddable":true,"href":"https:\/\/www.abchukuk.com\/index.php\/wp-json\/wp\/v2\/media\/10149"}],"wp:attachment":[{"href":"https:\/\/www.abchukuk.com\/index.php\/wp-json\/wp\/v2\/media?parent=10148"}],"wp:term":[{"taxonomy":"category","embeddable":true,"href":"https:\/\/www.abchukuk.com\/index.php\/wp-json\/wp\/v2\/categories?post=10148"},{"taxonomy":"post_tag","embeddable":true,"href":"https:\/\/www.abchukuk.com\/index.php\/wp-json\/wp\/v2\/tags?post=10148"}],"curies":[{"name":"wp","href":"https:\/\/api.w.org\/{rel}","templated":true}]}}