{"id":10143,"date":"2025-11-04T11:33:00","date_gmt":"2025-11-04T11:33:00","guid":{"rendered":"https:\/\/www.abchukuk.com\/index.php\/2025\/11\/04\/artvinde-kaya-parcasi-koptu-panik-yasandi-600-ogrenci-tahliye-edildi\/"},"modified":"2025-11-04T11:33:00","modified_gmt":"2025-11-04T11:33:00","slug":"artvinde-kaya-parcasi-koptu-panik-yasandi-600-ogrenci-tahliye-edildi","status":"publish","type":"post","link":"https:\/\/www.abchukuk.com\/index.php\/2025\/11\/04\/artvinde-kaya-parcasi-koptu-panik-yasandi-600-ogrenci-tahliye-edildi\/","title":{"rendered":"Artvin&#8217;de kaya par\u00e7as\u0131 koptu, panik ya\u015fand\u0131! 600 \u00f6\u011frenci tahliye edildi&#8230;"},"content":{"rendered":"<p>Artvin&#8217;de bir okulun alt k\u0131sm\u0131ndan kopan dev kaya par\u00e7as\u0131 \u00c7oruh Nehri&#8217;ne d\u00fc\u015ft\u00fc. G\u00fcr\u00fclt\u00fc ve sars\u0131nt\u0131 nedeniyle \u00f6\u011frenciler k\u0131sa s\u00fcreli panik ya\u015fad\u0131. \u0130lk anda deprem oldu\u011funu d\u00fc\u015f\u00fcnen okul y\u00f6netimi, iki liseyi tedbir amac\u0131yla bo\u015faltt\u0131.Artvin&#8217;de bir okulun alt k\u0131sm\u0131ndan kopan dev kaya par\u00e7as\u0131 \u00c7oruh Nehri&#8217;ne d\u00fc\u015ft\u00fc. G\u00fcr\u00fclt\u00fc ve sars\u0131nt\u0131 nedeniyle \u00f6\u011frenciler k\u0131sa s\u00fcreli panik ya\u015fad\u0131. \u0130lk anda deprem oldu\u011funu d\u00fc\u015f\u00fcnen okul y\u00f6netimi, iki liseyi tedbir amac\u0131yla bo\u015faltt\u0131.\u00a0<a href=\"https:\/\/www.cumhuriyet.com.tr\/turkiye\/artvin-de-kaya-parcasi-koptu-panik-yasandi-600-ogrenci-tahliye-edildi-2449713\" target=\"_blank\" class=\"feedzy-rss-link-icon\">Read More<\/a><\/p>","protected":false},"excerpt":{"rendered":"<p>Artvin&#8217;de bir okulun alt k\u0131sm\u0131ndan kopan dev kaya par\u00e7as\u0131 \u00c7oruh Nehri&#8217;ne d\u00fc\u015ft\u00fc. G\u00fcr\u00fclt\u00fc ve sars\u0131nt\u0131 nedeniyle \u00f6\u011frenciler k\u0131sa s\u00fcreli panik ya\u015fad\u0131. \u0130lk anda deprem oldu\u011funu d\u00fc\u015f\u00fcnen okul y\u00f6netimi, iki liseyi tedbir amac\u0131yla bo\u015faltt\u0131.Artvin&#8217;de bir okulun alt k\u0131sm\u0131ndan kopan dev kaya par\u00e7as\u0131 \u00c7oruh Nehri&#8217;ne d\u00fc\u015ft\u00fc. G\u00fcr\u00fclt\u00fc ve sars\u0131nt\u0131 nedeniyle \u00f6\u011frenciler k\u0131sa s\u00fcreli panik ya\u015fad\u0131. \u0130lk anda [&hellip;]<\/p>\n","protected":false},"author":1,"featured_media":10144,"comment_status":"open","ping_status":"open","sticky":false,"template":"","format":"standard","meta":{"footnotes":"","_links_to":"","_links_to_target":""},"categories":[1],"tags":[],"class_list":["post-10143","post","type-post","status-publish","format-standard","has-post-thumbnail","hentry","category-haberler"],"_links":{"self":[{"href":"https:\/\/www.abchukuk.com\/index.php\/wp-json\/wp\/v2\/posts\/10143","targetHints":{"allow":["GET"]}}],"collection":[{"href":"https:\/\/www.abchukuk.com\/index.php\/wp-json\/wp\/v2\/posts"}],"about":[{"href":"https:\/\/www.abchukuk.com\/index.php\/wp-json\/wp\/v2\/types\/post"}],"author":[{"embeddable":true,"href":"https:\/\/www.abchukuk.com\/index.php\/wp-json\/wp\/v2\/users\/1"}],"replies":[{"embeddable":true,"href":"https:\/\/www.abchukuk.com\/index.php\/wp-json\/wp\/v2\/comments?post=10143"}],"version-history":[{"count":0,"href":"https:\/\/www.abchukuk.com\/index.php\/wp-json\/wp\/v2\/posts\/10143\/revisions"}],"wp:featuredmedia":[{"embeddable":true,"href":"https:\/\/www.abchukuk.com\/index.php\/wp-json\/wp\/v2\/media\/10144"}],"wp:attachment":[{"href":"https:\/\/www.abchukuk.com\/index.php\/wp-json\/wp\/v2\/media?parent=10143"}],"wp:term":[{"taxonomy":"category","embeddable":true,"href":"https:\/\/www.abchukuk.com\/index.php\/wp-json\/wp\/v2\/categories?post=10143"},{"taxonomy":"post_tag","embeddable":true,"href":"https:\/\/www.abchukuk.com\/index.php\/wp-json\/wp\/v2\/tags?post=10143"}],"curies":[{"name":"wp","href":"https:\/\/api.w.org\/{rel}","templated":true}]}}