{"id":10141,"date":"2025-11-04T11:53:00","date_gmt":"2025-11-04T11:53:00","guid":{"rendered":"https:\/\/www.abchukuk.com\/index.php\/2025\/11\/04\/bassavcilik-yazar-ergun-poyrazin-tahliye-edilmesine-itiraz-etti\/"},"modified":"2025-11-04T11:53:00","modified_gmt":"2025-11-04T11:53:00","slug":"bassavcilik-yazar-ergun-poyrazin-tahliye-edilmesine-itiraz-etti","status":"publish","type":"post","link":"https:\/\/www.abchukuk.com\/index.php\/2025\/11\/04\/bassavcilik-yazar-ergun-poyrazin-tahliye-edilmesine-itiraz-etti\/","title":{"rendered":"Ba\u015fsavc\u0131l\u0131k, yazar Erg\u00fcn Poyraz\u2019\u0131n tahliye edilmesine itiraz etti"},"content":{"rendered":"<p>AKP\u2019li Ayd\u0131n B\u00fcy\u00fck\u015fehir Belediye Ba\u015fkan\u0131 \u00d6zlem \u00c7er\u00e7io\u011flu\u2019nun evinin foto\u011fraf\u0131n\u0131 yeniden payla\u015ft\u0131\u011f\u0131 gerek\u00e7esiyle 2 Ekim\u2019de tutuklanan yazar Erg\u00fcn Poyraz, adli kontrolle tahliye edilmi\u015fti. Ayd\u0131n Cumhuriyet Ba\u015fsavc\u0131l\u0131\u011f\u0131, Poyraz\u2019\u0131n tahliyesine itiraz etti.AKP\u2019li Ayd\u0131n B\u00fcy\u00fck\u015fehir Belediye Ba\u015fkan\u0131 \u00d6zlem \u00c7er\u00e7io\u011flu\u2019nun evinin foto\u011fraf\u0131n\u0131 yeniden payla\u015ft\u0131\u011f\u0131 gerek\u00e7esiyle 2 Ekim\u2019de tutuklanan yazar Erg\u00fcn Poyraz, adli kontrolle tahliye edilmi\u015fti. Ayd\u0131n Cumhuriyet Ba\u015fsavc\u0131l\u0131\u011f\u0131, Poyraz\u2019\u0131n tahliyesine itiraz etti.\u00a0<a href=\"https:\/\/www.cumhuriyet.com.tr\/turkiye\/bassavcilik-yazar-ergun-poyraz-in-tahliye-edilmesine-itiraz-etti-2449715\" target=\"_blank\" class=\"feedzy-rss-link-icon\">Read More<\/a><\/p>","protected":false},"excerpt":{"rendered":"<p>AKP\u2019li Ayd\u0131n B\u00fcy\u00fck\u015fehir Belediye Ba\u015fkan\u0131 \u00d6zlem \u00c7er\u00e7io\u011flu\u2019nun evinin foto\u011fraf\u0131n\u0131 yeniden payla\u015ft\u0131\u011f\u0131 gerek\u00e7esiyle 2 Ekim\u2019de tutuklanan yazar Erg\u00fcn Poyraz, adli kontrolle tahliye edilmi\u015fti. Ayd\u0131n Cumhuriyet Ba\u015fsavc\u0131l\u0131\u011f\u0131, Poyraz\u2019\u0131n tahliyesine itiraz etti.AKP\u2019li Ayd\u0131n B\u00fcy\u00fck\u015fehir Belediye Ba\u015fkan\u0131 \u00d6zlem \u00c7er\u00e7io\u011flu\u2019nun evinin foto\u011fraf\u0131n\u0131 yeniden payla\u015ft\u0131\u011f\u0131 gerek\u00e7esiyle 2 Ekim\u2019de tutuklanan yazar Erg\u00fcn Poyraz, adli kontrolle tahliye edilmi\u015fti. Ayd\u0131n Cumhuriyet Ba\u015fsavc\u0131l\u0131\u011f\u0131, Poyraz\u2019\u0131n tahliyesine [&hellip;]<\/p>\n","protected":false},"author":1,"featured_media":10142,"comment_status":"open","ping_status":"open","sticky":false,"template":"","format":"standard","meta":{"footnotes":"","_links_to":"","_links_to_target":""},"categories":[1],"tags":[],"class_list":["post-10141","post","type-post","status-publish","format-standard","has-post-thumbnail","hentry","category-haberler"],"_links":{"self":[{"href":"https:\/\/www.abchukuk.com\/index.php\/wp-json\/wp\/v2\/posts\/10141","targetHints":{"allow":["GET"]}}],"collection":[{"href":"https:\/\/www.abchukuk.com\/index.php\/wp-json\/wp\/v2\/posts"}],"about":[{"href":"https:\/\/www.abchukuk.com\/index.php\/wp-json\/wp\/v2\/types\/post"}],"author":[{"embeddable":true,"href":"https:\/\/www.abchukuk.com\/index.php\/wp-json\/wp\/v2\/users\/1"}],"replies":[{"embeddable":true,"href":"https:\/\/www.abchukuk.com\/index.php\/wp-json\/wp\/v2\/comments?post=10141"}],"version-history":[{"count":0,"href":"https:\/\/www.abchukuk.com\/index.php\/wp-json\/wp\/v2\/posts\/10141\/revisions"}],"wp:featuredmedia":[{"embeddable":true,"href":"https:\/\/www.abchukuk.com\/index.php\/wp-json\/wp\/v2\/media\/10142"}],"wp:attachment":[{"href":"https:\/\/www.abchukuk.com\/index.php\/wp-json\/wp\/v2\/media?parent=10141"}],"wp:term":[{"taxonomy":"category","embeddable":true,"href":"https:\/\/www.abchukuk.com\/index.php\/wp-json\/wp\/v2\/categories?post=10141"},{"taxonomy":"post_tag","embeddable":true,"href":"https:\/\/www.abchukuk.com\/index.php\/wp-json\/wp\/v2\/tags?post=10141"}],"curies":[{"name":"wp","href":"https:\/\/api.w.org\/{rel}","templated":true}]}}