{"id":10139,"date":"2025-11-04T11:57:00","date_gmt":"2025-11-04T11:57:00","guid":{"rendered":"https:\/\/www.abchukuk.com\/index.php\/2025\/11\/04\/mebin-10-kasim-kararina-egitimcilerden-tepki-bizzat-bakan-yusuf-tekinin-icraatidir\/"},"modified":"2025-11-04T11:57:00","modified_gmt":"2025-11-04T11:57:00","slug":"mebin-10-kasim-kararina-egitimcilerden-tepki-bizzat-bakan-yusuf-tekinin-icraatidir","status":"publish","type":"post","link":"https:\/\/www.abchukuk.com\/index.php\/2025\/11\/04\/mebin-10-kasim-kararina-egitimcilerden-tepki-bizzat-bakan-yusuf-tekinin-icraatidir\/","title":{"rendered":"MEB&#8217;in &#8217;10 Kas\u0131m&#8217; karar\u0131na e\u011fitimcilerden tepki: &#8216;Bizzat Bakan Yusuf Tekin\u2019in icraat\u0131d\u0131r!&#8217;"},"content":{"rendered":"<p>CHP\u2019li Suat \u00d6z\u00e7a\u011fda\u015f, E\u011fitim-\u0130\u015f ve Veli-Der temsilcileri, Milli E\u011fitim Bakanl\u0131\u011f\u0131\u2019n\u0131n 10 Kas\u0131m\u2019\u0131 kapsayan haftay\u0131 ara tatile denk getirmesine tepki g\u00f6sterdi. \u00d6z\u00e7a\u011fda\u015f, &#8220;Ara tatilin 10 Kas\u0131m\u2019a ve Atat\u00fcrk\u2019\u00fc Anma Haftas\u0131\u2019na denk getirilmesi, bizzat Bakan Yusuf Tekin\u2019in icraat\u0131d\u0131r&#8221; ifadelerini kulland\u0131.CHP\u2019li Suat \u00d6z\u00e7a\u011fda\u015f, E\u011fitim-\u0130\u015f ve Veli-Der temsilcileri, Milli E\u011fitim Bakanl\u0131\u011f\u0131\u2019n\u0131n 10 Kas\u0131m\u2019\u0131 kapsayan haftay\u0131 ara tatile denk getirmesine tepki g\u00f6sterdi. \u00d6z\u00e7a\u011fda\u015f, &#8220;Ara tatilin 10 Kas\u0131m\u2019a ve Atat\u00fcrk\u2019\u00fc Anma Haftas\u0131\u2019na denk getirilmesi, bizzat Bakan Yusuf Tekin\u2019in icraat\u0131d\u0131r&#8221; ifadelerini kulland\u0131.\u00a0<a href=\"https:\/\/www.cumhuriyet.com.tr\/turkiye\/meb-in-10-kasim-kararina-egitimcilerden-tepki-bizzat-bakan-yusuf-tekin-in-icraatidir-2449718\" target=\"_blank\" class=\"feedzy-rss-link-icon\">Read More<\/a><\/p>","protected":false},"excerpt":{"rendered":"<p>CHP\u2019li Suat \u00d6z\u00e7a\u011fda\u015f, E\u011fitim-\u0130\u015f ve Veli-Der temsilcileri, Milli E\u011fitim Bakanl\u0131\u011f\u0131\u2019n\u0131n 10 Kas\u0131m\u2019\u0131 kapsayan haftay\u0131 ara tatile denk getirmesine tepki g\u00f6sterdi. \u00d6z\u00e7a\u011fda\u015f, &#8220;Ara tatilin 10 Kas\u0131m\u2019a ve Atat\u00fcrk\u2019\u00fc Anma Haftas\u0131\u2019na denk getirilmesi, bizzat Bakan Yusuf Tekin\u2019in icraat\u0131d\u0131r&#8221; ifadelerini kulland\u0131.CHP\u2019li Suat \u00d6z\u00e7a\u011fda\u015f, E\u011fitim-\u0130\u015f ve Veli-Der temsilcileri, Milli E\u011fitim Bakanl\u0131\u011f\u0131\u2019n\u0131n 10 Kas\u0131m\u2019\u0131 kapsayan haftay\u0131 ara tatile denk getirmesine [&hellip;]<\/p>\n","protected":false},"author":1,"featured_media":10140,"comment_status":"open","ping_status":"open","sticky":false,"template":"","format":"standard","meta":{"footnotes":"","_links_to":"","_links_to_target":""},"categories":[1],"tags":[],"class_list":["post-10139","post","type-post","status-publish","format-standard","has-post-thumbnail","hentry","category-haberler"],"_links":{"self":[{"href":"https:\/\/www.abchukuk.com\/index.php\/wp-json\/wp\/v2\/posts\/10139","targetHints":{"allow":["GET"]}}],"collection":[{"href":"https:\/\/www.abchukuk.com\/index.php\/wp-json\/wp\/v2\/posts"}],"about":[{"href":"https:\/\/www.abchukuk.com\/index.php\/wp-json\/wp\/v2\/types\/post"}],"author":[{"embeddable":true,"href":"https:\/\/www.abchukuk.com\/index.php\/wp-json\/wp\/v2\/users\/1"}],"replies":[{"embeddable":true,"href":"https:\/\/www.abchukuk.com\/index.php\/wp-json\/wp\/v2\/comments?post=10139"}],"version-history":[{"count":0,"href":"https:\/\/www.abchukuk.com\/index.php\/wp-json\/wp\/v2\/posts\/10139\/revisions"}],"wp:featuredmedia":[{"embeddable":true,"href":"https:\/\/www.abchukuk.com\/index.php\/wp-json\/wp\/v2\/media\/10140"}],"wp:attachment":[{"href":"https:\/\/www.abchukuk.com\/index.php\/wp-json\/wp\/v2\/media?parent=10139"}],"wp:term":[{"taxonomy":"category","embeddable":true,"href":"https:\/\/www.abchukuk.com\/index.php\/wp-json\/wp\/v2\/categories?post=10139"},{"taxonomy":"post_tag","embeddable":true,"href":"https:\/\/www.abchukuk.com\/index.php\/wp-json\/wp\/v2\/tags?post=10139"}],"curies":[{"name":"wp","href":"https:\/\/api.w.org\/{rel}","templated":true}]}}