{"id":10134,"date":"2025-11-04T09:34:00","date_gmt":"2025-11-04T09:34:00","guid":{"rendered":"https:\/\/www.abchukuk.com\/index.php\/2025\/11\/04\/semra-guzel-tahliye-edildi-suleyman-soylunun-o-paylasimi-yeniden-gundem-oldu-sevgili-kilicdaroglu-sana-uzucu-bir-haberimiz-var\/"},"modified":"2025-11-04T09:34:00","modified_gmt":"2025-11-04T09:34:00","slug":"semra-guzel-tahliye-edildi-suleyman-soylunun-o-paylasimi-yeniden-gundem-oldu-sevgili-kilicdaroglu-sana-uzucu-bir-haberimiz-var","status":"publish","type":"post","link":"https:\/\/www.abchukuk.com\/index.php\/2025\/11\/04\/semra-guzel-tahliye-edildi-suleyman-soylunun-o-paylasimi-yeniden-gundem-oldu-sevgili-kilicdaroglu-sana-uzucu-bir-haberimiz-var\/","title":{"rendered":"Semra G\u00fczel tahliye edildi, S\u00fcleyman Soylu&#8217;nun o payla\u015f\u0131m\u0131 yeniden g\u00fcndem oldu: &#8216;Sevgili K\u0131l\u0131\u00e7daro\u011flu, sana \u00fcz\u00fcc\u00fc bir haberimiz var&#8230;&#8217;"},"content":{"rendered":"<p>3 y\u0131ld\u0131r tutuklu bulunan eski HDP Milletvekili Semra G\u00fczel hakk\u0131nda 8 y\u0131l 9 ay hapis cezas\u0131 ve adli kontrolle tahliye karar\u0131 verildi. Eski \u0130\u00e7i\u015fleri Bakan\u0131 S\u00fcleyman Soylu&#8217;nun 2022 y\u0131l\u0131nda att\u0131\u011f\u0131 tweet ise yeniden g\u00fcndem oldu.3 y\u0131ld\u0131r tutuklu bulunan eski HDP Milletvekili Semra G\u00fczel hakk\u0131nda 8 y\u0131l 9 ay hapis cezas\u0131 ve adli kontrolle tahliye karar\u0131 verildi. Eski \u0130\u00e7i\u015fleri Bakan\u0131 S\u00fcleyman Soylu&#8217;nun 2022 y\u0131l\u0131nda att\u0131\u011f\u0131 tweet ise yeniden g\u00fcndem oldu.\u00a0<a href=\"https:\/\/www.cumhuriyet.com.tr\/siyaset\/semra-guzel-tahliye-edildi-suleyman-soylu-nun-o-paylasimi-yeniden-gundem-oldu-sevgili-kilicdaroglu-sana-uzucu-bir-haberimiz-var-2449676\" target=\"_blank\" class=\"feedzy-rss-link-icon\">Read More<\/a><\/p>","protected":false},"excerpt":{"rendered":"<p>3 y\u0131ld\u0131r tutuklu bulunan eski HDP Milletvekili Semra G\u00fczel hakk\u0131nda 8 y\u0131l 9 ay hapis cezas\u0131 ve adli kontrolle tahliye karar\u0131 verildi. Eski \u0130\u00e7i\u015fleri Bakan\u0131 S\u00fcleyman Soylu&#8217;nun 2022 y\u0131l\u0131nda att\u0131\u011f\u0131 tweet ise yeniden g\u00fcndem oldu.3 y\u0131ld\u0131r tutuklu bulunan eski HDP Milletvekili Semra G\u00fczel hakk\u0131nda 8 y\u0131l 9 ay hapis cezas\u0131 ve adli kontrolle tahliye karar\u0131 [&hellip;]<\/p>\n","protected":false},"author":1,"featured_media":10135,"comment_status":"open","ping_status":"open","sticky":false,"template":"","format":"standard","meta":{"footnotes":"","_links_to":"","_links_to_target":""},"categories":[1],"tags":[],"class_list":["post-10134","post","type-post","status-publish","format-standard","has-post-thumbnail","hentry","category-haberler"],"_links":{"self":[{"href":"https:\/\/www.abchukuk.com\/index.php\/wp-json\/wp\/v2\/posts\/10134","targetHints":{"allow":["GET"]}}],"collection":[{"href":"https:\/\/www.abchukuk.com\/index.php\/wp-json\/wp\/v2\/posts"}],"about":[{"href":"https:\/\/www.abchukuk.com\/index.php\/wp-json\/wp\/v2\/types\/post"}],"author":[{"embeddable":true,"href":"https:\/\/www.abchukuk.com\/index.php\/wp-json\/wp\/v2\/users\/1"}],"replies":[{"embeddable":true,"href":"https:\/\/www.abchukuk.com\/index.php\/wp-json\/wp\/v2\/comments?post=10134"}],"version-history":[{"count":0,"href":"https:\/\/www.abchukuk.com\/index.php\/wp-json\/wp\/v2\/posts\/10134\/revisions"}],"wp:featuredmedia":[{"embeddable":true,"href":"https:\/\/www.abchukuk.com\/index.php\/wp-json\/wp\/v2\/media\/10135"}],"wp:attachment":[{"href":"https:\/\/www.abchukuk.com\/index.php\/wp-json\/wp\/v2\/media?parent=10134"}],"wp:term":[{"taxonomy":"category","embeddable":true,"href":"https:\/\/www.abchukuk.com\/index.php\/wp-json\/wp\/v2\/categories?post=10134"},{"taxonomy":"post_tag","embeddable":true,"href":"https:\/\/www.abchukuk.com\/index.php\/wp-json\/wp\/v2\/tags?post=10134"}],"curies":[{"name":"wp","href":"https:\/\/api.w.org\/{rel}","templated":true}]}}