{"id":10126,"date":"2025-11-04T07:20:00","date_gmt":"2025-11-04T07:20:00","guid":{"rendered":"https:\/\/www.abchukuk.com\/index.php\/2025\/11\/04\/musterileri-adina-kredi-cekti-sikayetler-uzerine-gozaltina-alindi\/"},"modified":"2025-11-04T07:20:00","modified_gmt":"2025-11-04T07:20:00","slug":"musterileri-adina-kredi-cekti-sikayetler-uzerine-gozaltina-alindi","status":"publish","type":"post","link":"https:\/\/www.abchukuk.com\/index.php\/2025\/11\/04\/musterileri-adina-kredi-cekti-sikayetler-uzerine-gozaltina-alindi\/","title":{"rendered":"M\u00fc\u015fterileri ad\u0131na kredi \u00e7ekti, \u015fikayetler \u00fczerine g\u00f6zalt\u0131na al\u0131nd\u0131"},"content":{"rendered":"<p>Bursa&#8217;n\u0131n \u0130znik il\u00e7esinde beyaz e\u015fya ana bayisi kad\u0131n i\u015fletmeci, y\u00fczlerce m\u00fc\u015fterisinin kimlik bilgileriyle bir finans kurulu\u015fu arac\u0131l\u0131\u011f\u0131yla kredi \u00e7ekti. Ma\u011fdurlar\u0131n durumu fark edip savc\u0131l\u0131\u011fa ba\u015fvurmas\u0131 \u00fczerine polis \u00d6znur K.&#8217;yi Bilecik yolunda g\u00f6zalt\u0131na ald\u0131.Bursa&#8217;n\u0131n \u0130znik il\u00e7esinde beyaz e\u015fya ana bayisi kad\u0131n i\u015fletmeci, y\u00fczlerce m\u00fc\u015fterisinin kimlik bilgileriyle bir finans kurulu\u015fu arac\u0131l\u0131\u011f\u0131yla kredi \u00e7ekti. Ma\u011fdurlar\u0131n durumu fark edip savc\u0131l\u0131\u011fa ba\u015fvurmas\u0131 \u00fczerine polis \u00d6znur K.&#8217;yi Bilecik yolunda g\u00f6zalt\u0131na ald\u0131.\u00a0<a href=\"https:\/\/www.cumhuriyet.com.tr\/turkiye\/musterileri-adina-kredi-cekti-sikayetler-uzerine-gozaltina-alindi-2449608\" target=\"_blank\" class=\"feedzy-rss-link-icon\">Read More<\/a><\/p>","protected":false},"excerpt":{"rendered":"<p>Bursa&#8217;n\u0131n \u0130znik il\u00e7esinde beyaz e\u015fya ana bayisi kad\u0131n i\u015fletmeci, y\u00fczlerce m\u00fc\u015fterisinin kimlik bilgileriyle bir finans kurulu\u015fu arac\u0131l\u0131\u011f\u0131yla kredi \u00e7ekti. Ma\u011fdurlar\u0131n durumu fark edip savc\u0131l\u0131\u011fa ba\u015fvurmas\u0131 \u00fczerine polis \u00d6znur K.&#8217;yi Bilecik yolunda g\u00f6zalt\u0131na ald\u0131.Bursa&#8217;n\u0131n \u0130znik il\u00e7esinde beyaz e\u015fya ana bayisi kad\u0131n i\u015fletmeci, y\u00fczlerce m\u00fc\u015fterisinin kimlik bilgileriyle bir finans kurulu\u015fu arac\u0131l\u0131\u011f\u0131yla kredi \u00e7ekti. Ma\u011fdurlar\u0131n durumu fark edip [&hellip;]<\/p>\n","protected":false},"author":1,"featured_media":10127,"comment_status":"open","ping_status":"open","sticky":false,"template":"","format":"standard","meta":{"footnotes":"","_links_to":"","_links_to_target":""},"categories":[1],"tags":[],"class_list":["post-10126","post","type-post","status-publish","format-standard","has-post-thumbnail","hentry","category-haberler"],"_links":{"self":[{"href":"https:\/\/www.abchukuk.com\/index.php\/wp-json\/wp\/v2\/posts\/10126","targetHints":{"allow":["GET"]}}],"collection":[{"href":"https:\/\/www.abchukuk.com\/index.php\/wp-json\/wp\/v2\/posts"}],"about":[{"href":"https:\/\/www.abchukuk.com\/index.php\/wp-json\/wp\/v2\/types\/post"}],"author":[{"embeddable":true,"href":"https:\/\/www.abchukuk.com\/index.php\/wp-json\/wp\/v2\/users\/1"}],"replies":[{"embeddable":true,"href":"https:\/\/www.abchukuk.com\/index.php\/wp-json\/wp\/v2\/comments?post=10126"}],"version-history":[{"count":0,"href":"https:\/\/www.abchukuk.com\/index.php\/wp-json\/wp\/v2\/posts\/10126\/revisions"}],"wp:featuredmedia":[{"embeddable":true,"href":"https:\/\/www.abchukuk.com\/index.php\/wp-json\/wp\/v2\/media\/10127"}],"wp:attachment":[{"href":"https:\/\/www.abchukuk.com\/index.php\/wp-json\/wp\/v2\/media?parent=10126"}],"wp:term":[{"taxonomy":"category","embeddable":true,"href":"https:\/\/www.abchukuk.com\/index.php\/wp-json\/wp\/v2\/categories?post=10126"},{"taxonomy":"post_tag","embeddable":true,"href":"https:\/\/www.abchukuk.com\/index.php\/wp-json\/wp\/v2\/tags?post=10126"}],"curies":[{"name":"wp","href":"https:\/\/api.w.org\/{rel}","templated":true}]}}