{"id":10122,"date":"2025-11-04T07:35:00","date_gmt":"2025-11-04T07:35:00","guid":{"rendered":"https:\/\/www.abchukuk.com\/index.php\/2025\/11\/04\/saraclar-suc-orgutune-operasyon-aralarinda-kamu-gorevlileri-de-var-21-gozalti\/"},"modified":"2025-11-04T07:35:00","modified_gmt":"2025-11-04T07:35:00","slug":"saraclar-suc-orgutune-operasyon-aralarinda-kamu-gorevlileri-de-var-21-gozalti","status":"publish","type":"post","link":"https:\/\/www.abchukuk.com\/index.php\/2025\/11\/04\/saraclar-suc-orgutune-operasyon-aralarinda-kamu-gorevlileri-de-var-21-gozalti\/","title":{"rendered":"&#8216;Sara\u00e7lar&#8217; su\u00e7 \u00f6rg\u00fct\u00fcne operasyon&#8230; Aralar\u0131nda kamu g\u00f6revlileri de var: 21 g\u00f6zalt\u0131!"},"content":{"rendered":"<p>\u0130zmir&#8217;in 6 il\u00e7esinde, &#8216;Sara\u00e7lar\u2019 olarak bilinen su\u00e7 \u00f6rg\u00fct\u00fcne y\u00f6nelik d\u00fczenlenen operasyonda 2\u2019si kamu g\u00f6revlisi olan 21 \u015f\u00fcpheli g\u00f6zalt\u0131na al\u0131nd\u0131.\u0130zmir&#8217;in 6 il\u00e7esinde, &#8216;Sara\u00e7lar\u2019 olarak bilinen su\u00e7 \u00f6rg\u00fct\u00fcne y\u00f6nelik d\u00fczenlenen operasyonda 2\u2019si kamu g\u00f6revlisi olan 21 \u015f\u00fcpheli g\u00f6zalt\u0131na al\u0131nd\u0131.\u00a0<a href=\"https:\/\/www.cumhuriyet.com.tr\/turkiye\/saraclar-suc-orgutune-operasyon-aralarinda-kamu-gorevlileri-de-var-21-gozalti-2449617\" target=\"_blank\" class=\"feedzy-rss-link-icon\">Read More<\/a><\/p>","protected":false},"excerpt":{"rendered":"<p>\u0130zmir&#8217;in 6 il\u00e7esinde, &#8216;Sara\u00e7lar\u2019 olarak bilinen su\u00e7 \u00f6rg\u00fct\u00fcne y\u00f6nelik d\u00fczenlenen operasyonda 2\u2019si kamu g\u00f6revlisi olan 21 \u015f\u00fcpheli g\u00f6zalt\u0131na al\u0131nd\u0131.\u0130zmir&#8217;in 6 il\u00e7esinde, &#8216;Sara\u00e7lar\u2019 olarak bilinen su\u00e7 \u00f6rg\u00fct\u00fcne y\u00f6nelik d\u00fczenlenen operasyonda 2\u2019si kamu g\u00f6revlisi olan 21 \u015f\u00fcpheli g\u00f6zalt\u0131na al\u0131nd\u0131.\u00a0Read More<\/p>\n","protected":false},"author":1,"featured_media":10123,"comment_status":"open","ping_status":"open","sticky":false,"template":"","format":"standard","meta":{"footnotes":"","_links_to":"","_links_to_target":""},"categories":[1],"tags":[],"class_list":["post-10122","post","type-post","status-publish","format-standard","has-post-thumbnail","hentry","category-haberler"],"_links":{"self":[{"href":"https:\/\/www.abchukuk.com\/index.php\/wp-json\/wp\/v2\/posts\/10122","targetHints":{"allow":["GET"]}}],"collection":[{"href":"https:\/\/www.abchukuk.com\/index.php\/wp-json\/wp\/v2\/posts"}],"about":[{"href":"https:\/\/www.abchukuk.com\/index.php\/wp-json\/wp\/v2\/types\/post"}],"author":[{"embeddable":true,"href":"https:\/\/www.abchukuk.com\/index.php\/wp-json\/wp\/v2\/users\/1"}],"replies":[{"embeddable":true,"href":"https:\/\/www.abchukuk.com\/index.php\/wp-json\/wp\/v2\/comments?post=10122"}],"version-history":[{"count":0,"href":"https:\/\/www.abchukuk.com\/index.php\/wp-json\/wp\/v2\/posts\/10122\/revisions"}],"wp:featuredmedia":[{"embeddable":true,"href":"https:\/\/www.abchukuk.com\/index.php\/wp-json\/wp\/v2\/media\/10123"}],"wp:attachment":[{"href":"https:\/\/www.abchukuk.com\/index.php\/wp-json\/wp\/v2\/media?parent=10122"}],"wp:term":[{"taxonomy":"category","embeddable":true,"href":"https:\/\/www.abchukuk.com\/index.php\/wp-json\/wp\/v2\/categories?post=10122"},{"taxonomy":"post_tag","embeddable":true,"href":"https:\/\/www.abchukuk.com\/index.php\/wp-json\/wp\/v2\/tags?post=10122"}],"curies":[{"name":"wp","href":"https:\/\/api.w.org\/{rel}","templated":true}]}}