{"id":10113,"date":"2025-11-04T06:28:00","date_gmt":"2025-11-04T06:28:00","guid":{"rendered":"https:\/\/www.abchukuk.com\/index.php\/2025\/11\/04\/son-dakika-chpnin-ceza-davasinda-ara-karar-mahkeme-davayi-erteledi\/"},"modified":"2025-11-04T06:28:00","modified_gmt":"2025-11-04T06:28:00","slug":"son-dakika-chpnin-ceza-davasinda-ara-karar-mahkeme-davayi-erteledi","status":"publish","type":"post","link":"https:\/\/www.abchukuk.com\/index.php\/2025\/11\/04\/son-dakika-chpnin-ceza-davasinda-ara-karar-mahkeme-davayi-erteledi\/","title":{"rendered":"Son Dakika&#8230; CHP&#8217;nin ceza davas\u0131nda ara karar: Mahkeme davay\u0131 erteledi"},"content":{"rendered":"<p>Son Dakika haberi&#8230; \u0130stanbul B\u00fcy\u00fck\u015fehir Belediye (\u0130BB) Ba\u015fkan\u0131 ve CHP\u2019nin Cumhurba\u015fkan\u0131 aday\u0131 Ekrem \u0130mamo\u011flu, CHP \u0130stanbul \u0130l Ba\u015fkan\u0131 \u00d6zg\u00fcr \u00c7elik ve \u0130zmir B\u00fcy\u00fck\u015fehir Belediye Ba\u015fkan\u0131 Cemil Tugay\u2019\u0131n da bulundu\u011fu 12 CHP\u2019li hakk\u0131nda 1 ila 3 y\u0131l hapis ve siyaset yasa\u011f\u0131 talep edilen ceza davas\u0131n\u0131n ilk duru\u015fmas\u0131 bug\u00fcn Ankara 26. Asliye Ceza Mahkemesi\u2019nde g\u00f6r\u00fcld\u00fc. Mahkeme davay\u0131 erteledi.Son Dakika haberi&#8230; \u0130stanbul B\u00fcy\u00fck\u015fehir Belediye (\u0130BB) Ba\u015fkan\u0131 ve CHP\u2019nin Cumhurba\u015fkan\u0131 aday\u0131 Ekrem \u0130mamo\u011flu, CHP \u0130stanbul \u0130l Ba\u015fkan\u0131 \u00d6zg\u00fcr \u00c7elik ve \u0130zmir B\u00fcy\u00fck\u015fehir Belediye Ba\u015fkan\u0131 Cemil Tugay\u2019\u0131n da bulundu\u011fu 12 CHP\u2019li hakk\u0131nda 1 ila 3 y\u0131l hapis ve siyaset yasa\u011f\u0131 talep edilen ceza davas\u0131n\u0131n ilk duru\u015fmas\u0131 bug\u00fcn Ankara 26. Asliye Ceza Mahkemesi\u2019nde g\u00f6r\u00fcld\u00fc. Mahkeme davay\u0131 erteledi.\u00a0<a href=\"https:\/\/www.cumhuriyet.com.tr\/turkiye\/son-dakika-chp-nin-ceza-davasinda-ara-karar-mahkeme-davayi-erteledi-2449574\" target=\"_blank\" class=\"feedzy-rss-link-icon\">Read More<\/a><\/p>","protected":false},"excerpt":{"rendered":"<p>Son Dakika haberi&#8230; \u0130stanbul B\u00fcy\u00fck\u015fehir Belediye (\u0130BB) Ba\u015fkan\u0131 ve CHP\u2019nin Cumhurba\u015fkan\u0131 aday\u0131 Ekrem \u0130mamo\u011flu, CHP \u0130stanbul \u0130l Ba\u015fkan\u0131 \u00d6zg\u00fcr \u00c7elik ve \u0130zmir B\u00fcy\u00fck\u015fehir Belediye Ba\u015fkan\u0131 Cemil Tugay\u2019\u0131n da bulundu\u011fu 12 CHP\u2019li hakk\u0131nda 1 ila 3 y\u0131l hapis ve siyaset yasa\u011f\u0131 talep edilen ceza davas\u0131n\u0131n ilk duru\u015fmas\u0131 bug\u00fcn Ankara 26. Asliye Ceza Mahkemesi\u2019nde g\u00f6r\u00fcld\u00fc. Mahkeme davay\u0131 [&hellip;]<\/p>\n","protected":false},"author":1,"featured_media":10114,"comment_status":"open","ping_status":"open","sticky":false,"template":"","format":"standard","meta":{"footnotes":"","_links_to":"","_links_to_target":""},"categories":[1],"tags":[],"class_list":["post-10113","post","type-post","status-publish","format-standard","has-post-thumbnail","hentry","category-haberler"],"_links":{"self":[{"href":"https:\/\/www.abchukuk.com\/index.php\/wp-json\/wp\/v2\/posts\/10113","targetHints":{"allow":["GET"]}}],"collection":[{"href":"https:\/\/www.abchukuk.com\/index.php\/wp-json\/wp\/v2\/posts"}],"about":[{"href":"https:\/\/www.abchukuk.com\/index.php\/wp-json\/wp\/v2\/types\/post"}],"author":[{"embeddable":true,"href":"https:\/\/www.abchukuk.com\/index.php\/wp-json\/wp\/v2\/users\/1"}],"replies":[{"embeddable":true,"href":"https:\/\/www.abchukuk.com\/index.php\/wp-json\/wp\/v2\/comments?post=10113"}],"version-history":[{"count":0,"href":"https:\/\/www.abchukuk.com\/index.php\/wp-json\/wp\/v2\/posts\/10113\/revisions"}],"wp:featuredmedia":[{"embeddable":true,"href":"https:\/\/www.abchukuk.com\/index.php\/wp-json\/wp\/v2\/media\/10114"}],"wp:attachment":[{"href":"https:\/\/www.abchukuk.com\/index.php\/wp-json\/wp\/v2\/media?parent=10113"}],"wp:term":[{"taxonomy":"category","embeddable":true,"href":"https:\/\/www.abchukuk.com\/index.php\/wp-json\/wp\/v2\/categories?post=10113"},{"taxonomy":"post_tag","embeddable":true,"href":"https:\/\/www.abchukuk.com\/index.php\/wp-json\/wp\/v2\/tags?post=10113"}],"curies":[{"name":"wp","href":"https:\/\/api.w.org\/{rel}","templated":true}]}}