{"id":10109,"date":"2025-11-04T06:58:00","date_gmt":"2025-11-04T06:58:00","guid":{"rendered":"https:\/\/www.abchukuk.com\/index.php\/2025\/11\/04\/cezaevinden-izinle-cikip-nermin-tiriti-katletti-bassavcilik-aciklama-yapti\/"},"modified":"2025-11-04T06:58:00","modified_gmt":"2025-11-04T06:58:00","slug":"cezaevinden-izinle-cikip-nermin-tiriti-katletti-bassavcilik-aciklama-yapti","status":"publish","type":"post","link":"https:\/\/www.abchukuk.com\/index.php\/2025\/11\/04\/cezaevinden-izinle-cikip-nermin-tiriti-katletti-bassavcilik-aciklama-yapti\/","title":{"rendered":"Cezaevinden izinle \u00e7\u0131k\u0131p Nermin Tirit&#8217;i katletti: Ba\u015fsavc\u0131l\u0131k a\u00e7\u0131klama yapt\u0131"},"content":{"rendered":"<p>Erzurum\u2019da ayn\u0131 kurumda \u00e7al\u0131\u015ft\u0131\u011f\u0131 Nermin Tirit\u2019i ge\u00e7en y\u0131llarda b\u0131\u00e7aklayarak yaralayan ve cezaevine giren Salih Ayba\u015f, bu kez izinli olarak \u00e7\u0131kt\u0131\u011f\u0131 cezaevinden kad\u0131n\u0131 evinin \u00f6n\u00fcnde silahla vurarak \u00f6ld\u00fcrd\u00fc, sonras\u0131nda intihar etti. Erzurum Cumhuriyet Ba\u015fsavc\u0131l\u0131\u011f\u0131 olayla ilgili bir a\u00e7\u0131klama yapt\u0131.Erzurum\u2019da ayn\u0131 kurumda \u00e7al\u0131\u015ft\u0131\u011f\u0131 Nermin Tirit\u2019i ge\u00e7en y\u0131llarda b\u0131\u00e7aklayarak yaralayan ve cezaevine giren Salih Ayba\u015f, bu kez izinli olarak \u00e7\u0131kt\u0131\u011f\u0131 cezaevinden kad\u0131n\u0131 evinin \u00f6n\u00fcnde silahla vurarak \u00f6ld\u00fcrd\u00fc, sonras\u0131nda intihar etti. Erzurum Cumhuriyet Ba\u015fsavc\u0131l\u0131\u011f\u0131 olayla ilgili bir a\u00e7\u0131klama yapt\u0131.\u00a0<a href=\"https:\/\/www.cumhuriyet.com.tr\/turkiye\/cezaevinden-izinle-cikip-nermin-tirit-i-katletti-bassavcilik-aciklama-yapti-2449593\" target=\"_blank\" class=\"feedzy-rss-link-icon\">Read More<\/a><\/p>","protected":false},"excerpt":{"rendered":"<p>Erzurum\u2019da ayn\u0131 kurumda \u00e7al\u0131\u015ft\u0131\u011f\u0131 Nermin Tirit\u2019i ge\u00e7en y\u0131llarda b\u0131\u00e7aklayarak yaralayan ve cezaevine giren Salih Ayba\u015f, bu kez izinli olarak \u00e7\u0131kt\u0131\u011f\u0131 cezaevinden kad\u0131n\u0131 evinin \u00f6n\u00fcnde silahla vurarak \u00f6ld\u00fcrd\u00fc, sonras\u0131nda intihar etti. Erzurum Cumhuriyet Ba\u015fsavc\u0131l\u0131\u011f\u0131 olayla ilgili bir a\u00e7\u0131klama yapt\u0131.Erzurum\u2019da ayn\u0131 kurumda \u00e7al\u0131\u015ft\u0131\u011f\u0131 Nermin Tirit\u2019i ge\u00e7en y\u0131llarda b\u0131\u00e7aklayarak yaralayan ve cezaevine giren Salih Ayba\u015f, bu kez izinli [&hellip;]<\/p>\n","protected":false},"author":1,"featured_media":10110,"comment_status":"open","ping_status":"open","sticky":false,"template":"","format":"standard","meta":{"footnotes":"","_links_to":"","_links_to_target":""},"categories":[1],"tags":[],"class_list":["post-10109","post","type-post","status-publish","format-standard","has-post-thumbnail","hentry","category-haberler"],"_links":{"self":[{"href":"https:\/\/www.abchukuk.com\/index.php\/wp-json\/wp\/v2\/posts\/10109","targetHints":{"allow":["GET"]}}],"collection":[{"href":"https:\/\/www.abchukuk.com\/index.php\/wp-json\/wp\/v2\/posts"}],"about":[{"href":"https:\/\/www.abchukuk.com\/index.php\/wp-json\/wp\/v2\/types\/post"}],"author":[{"embeddable":true,"href":"https:\/\/www.abchukuk.com\/index.php\/wp-json\/wp\/v2\/users\/1"}],"replies":[{"embeddable":true,"href":"https:\/\/www.abchukuk.com\/index.php\/wp-json\/wp\/v2\/comments?post=10109"}],"version-history":[{"count":0,"href":"https:\/\/www.abchukuk.com\/index.php\/wp-json\/wp\/v2\/posts\/10109\/revisions"}],"wp:featuredmedia":[{"embeddable":true,"href":"https:\/\/www.abchukuk.com\/index.php\/wp-json\/wp\/v2\/media\/10110"}],"wp:attachment":[{"href":"https:\/\/www.abchukuk.com\/index.php\/wp-json\/wp\/v2\/media?parent=10109"}],"wp:term":[{"taxonomy":"category","embeddable":true,"href":"https:\/\/www.abchukuk.com\/index.php\/wp-json\/wp\/v2\/categories?post=10109"},{"taxonomy":"post_tag","embeddable":true,"href":"https:\/\/www.abchukuk.com\/index.php\/wp-json\/wp\/v2\/tags?post=10109"}],"curies":[{"name":"wp","href":"https:\/\/api.w.org\/{rel}","templated":true}]}}