{"id":10105,"date":"2025-11-04T05:48:00","date_gmt":"2025-11-04T05:48:00","guid":{"rendered":"https:\/\/www.abchukuk.com\/index.php\/2025\/11\/04\/aselsan-ve-tubitaka-feto-operasyonu-gozaltilar-var\/"},"modified":"2025-11-04T05:48:00","modified_gmt":"2025-11-04T05:48:00","slug":"aselsan-ve-tubitaka-feto-operasyonu-gozaltilar-var","status":"publish","type":"post","link":"https:\/\/www.abchukuk.com\/index.php\/2025\/11\/04\/aselsan-ve-tubitaka-feto-operasyonu-gozaltilar-var\/","title":{"rendered":"ASELSAN ve T\u00dcB\u0130TAK&#8217;a FET\u00d6 Operasyonu! G\u00f6zalt\u0131lar Var"},"content":{"rendered":"<p><a href=\"https:\/\/www.gercekgundem.com\/guncel\/aselsan-ve-tubitaka-feto-operasyonu-gozaltilar-var-561421\"><br \/>\n                                                            <img decoding=\"async\" src=\"https:\/\/i.gercekgundem.com\/2\/150\/84\/storage\/files\/images\/2025\/11\/04\/aselsan-ve-tubitaka-feto-operasyonu-gozaltilar-var-se8q.jpg\" width=\"150\" height=\"84\" border=\"0\" align=\"right\" \/><br \/>\n                                                    <\/a><\/p>\n<h4>Ankara Cumhuriyet Ba\u015fsavc\u0131l\u0131\u011f\u0131nca ba\u015flat\u0131lan FET\u00d6 soru\u015fturmas\u0131 kapsam\u0131nda ba\u015fta ASELSAN ve T\u00dcB\u0130TAK olmak \u00fczere \u00e7e\u015fitli kurumlarda \u00e7al\u0131\u015fanlar hakk\u0131nda 19 g\u00f6zalt\u0131 karar\u0131 verildi.<\/h4>\n<p>Ankara Cumhuriyet Ba\u015fsavc\u0131l\u0131\u011f\u0131nca ba\u015flat\u0131lan FET\u00d6 soru\u015fturmas\u0131 kapsam\u0131nda ba\u015fta ASELSAN ve T\u00dcB\u0130TAK olmak \u00fczere \u00e7e\u015fitli kurumlarda \u00e7al\u0131\u015fanlar hakk\u0131nda 19 g\u00f6zalt\u0131 karar\u0131 verildi.\u00a0<a href=\"https:\/\/www.gercekgundem.com\/guncel\/aselsan-ve-tubitaka-feto-operasyonu-gozaltilar-var-561421\" target=\"_blank\" class=\"feedzy-rss-link-icon\">Read More<\/a><\/p>","protected":false},"excerpt":{"rendered":"<p>Ankara Cumhuriyet Ba\u015fsavc\u0131l\u0131\u011f\u0131nca ba\u015flat\u0131lan FET\u00d6 soru\u015fturmas\u0131 kapsam\u0131nda ba\u015fta ASELSAN ve T\u00dcB\u0130TAK olmak \u00fczere \u00e7e\u015fitli kurumlarda \u00e7al\u0131\u015fanlar hakk\u0131nda 19 g\u00f6zalt\u0131 karar\u0131 verildi. Ankara Cumhuriyet Ba\u015fsavc\u0131l\u0131\u011f\u0131nca ba\u015flat\u0131lan FET\u00d6 soru\u015fturmas\u0131 kapsam\u0131nda ba\u015fta ASELSAN ve T\u00dcB\u0130TAK olmak \u00fczere \u00e7e\u015fitli kurumlarda \u00e7al\u0131\u015fanlar hakk\u0131nda 19 g\u00f6zalt\u0131 karar\u0131 verildi.\u00a0Read More<\/p>\n","protected":false},"author":1,"featured_media":10106,"comment_status":"open","ping_status":"open","sticky":false,"template":"","format":"standard","meta":{"footnotes":"","_links_to":"","_links_to_target":""},"categories":[1],"tags":[],"class_list":["post-10105","post","type-post","status-publish","format-standard","has-post-thumbnail","hentry","category-haberler"],"_links":{"self":[{"href":"https:\/\/www.abchukuk.com\/index.php\/wp-json\/wp\/v2\/posts\/10105","targetHints":{"allow":["GET"]}}],"collection":[{"href":"https:\/\/www.abchukuk.com\/index.php\/wp-json\/wp\/v2\/posts"}],"about":[{"href":"https:\/\/www.abchukuk.com\/index.php\/wp-json\/wp\/v2\/types\/post"}],"author":[{"embeddable":true,"href":"https:\/\/www.abchukuk.com\/index.php\/wp-json\/wp\/v2\/users\/1"}],"replies":[{"embeddable":true,"href":"https:\/\/www.abchukuk.com\/index.php\/wp-json\/wp\/v2\/comments?post=10105"}],"version-history":[{"count":0,"href":"https:\/\/www.abchukuk.com\/index.php\/wp-json\/wp\/v2\/posts\/10105\/revisions"}],"wp:featuredmedia":[{"embeddable":true,"href":"https:\/\/www.abchukuk.com\/index.php\/wp-json\/wp\/v2\/media\/10106"}],"wp:attachment":[{"href":"https:\/\/www.abchukuk.com\/index.php\/wp-json\/wp\/v2\/media?parent=10105"}],"wp:term":[{"taxonomy":"category","embeddable":true,"href":"https:\/\/www.abchukuk.com\/index.php\/wp-json\/wp\/v2\/categories?post=10105"},{"taxonomy":"post_tag","embeddable":true,"href":"https:\/\/www.abchukuk.com\/index.php\/wp-json\/wp\/v2\/tags?post=10105"}],"curies":[{"name":"wp","href":"https:\/\/api.w.org\/{rel}","templated":true}]}}