{"id":10083,"date":"2025-11-03T18:15:34","date_gmt":"2025-11-03T18:15:34","guid":{"rendered":"https:\/\/www.abchukuk.com\/index.php\/2025\/11\/03\/hukumlu-oldugu-ceza-kurumundan-izin-alarak-cinayet-isledi-bassavciliktan-aciklama-yapildi\/"},"modified":"2025-11-03T18:15:34","modified_gmt":"2025-11-03T18:15:34","slug":"hukumlu-oldugu-ceza-kurumundan-izin-alarak-cinayet-isledi-bassavciliktan-aciklama-yapildi","status":"publish","type":"post","link":"https:\/\/www.abchukuk.com\/index.php\/2025\/11\/03\/hukumlu-oldugu-ceza-kurumundan-izin-alarak-cinayet-isledi-bassavciliktan-aciklama-yapildi\/","title":{"rendered":"H\u00fck\u00fcml\u00fc oldu\u011fu ceza kurumundan izin alarak cinayet i\u015fledi: Ba\u015fsavc\u0131l\u0131ktan a\u00e7\u0131klama yap\u0131ld\u0131"},"content":{"rendered":"<p>Erzurum&#8217;da bug\u00fcn tart\u0131\u015ft\u0131\u011f\u0131 kad\u0131n\u0131 \u00f6ld\u00fcrd\u00fckten sonra intihar eden ki\u015fiye ili\u015fkin Cumhuriyet Ba\u015fsavc\u0131l\u0131\u011f\u0131&#8217;ndan bir a\u00e7\u0131klama yap\u0131ld\u0131. \u015eahs\u0131n cezaevinden izinli \u00e7\u0131kt\u0131\u011f\u0131 belirtilen a\u00e7\u0131klamada silahl\u0131 sald\u0131r\u0131 sonucu \u00f6ld\u00fcrd\u00fc\u011f\u00fc kad\u0131nla aralar\u0131nda husumet bulundu\u011fu bildirildi.Erzurum&#8217;da bug\u00fcn tart\u0131\u015ft\u0131\u011f\u0131 kad\u0131n\u0131 \u00f6ld\u00fcrd\u00fckten sonra intihar eden ki\u015fiye ili\u015fkin Cumhuriyet Ba\u015fsavc\u0131l\u0131\u011f\u0131&#8217;ndan bir a\u00e7\u0131klama yap\u0131ld\u0131. \u015eahs\u0131n cezaevinden izinli \u00e7\u0131kt\u0131\u011f\u0131 belirtilen a\u00e7\u0131klamada silahl\u0131 sald\u0131r\u0131 sonucu \u00f6ld\u00fcrd\u00fc\u011f\u00fc kad\u0131nla aralar\u0131nda husumet bulundu\u011fu bildirildi.\u00a0<a href=\"https:\/\/anlatilaninotesi.com.tr\/20251103\/hukumlu-oldugu-ceza-kurumundan-izin-alarak-cinayet-isledi-bassavciliktan-aciklama-yapildi-1100707529.html\" target=\"_blank\" class=\"feedzy-rss-link-icon\">Read More<\/a><\/p>","protected":false},"excerpt":{"rendered":"<p>Erzurum&#8217;da bug\u00fcn tart\u0131\u015ft\u0131\u011f\u0131 kad\u0131n\u0131 \u00f6ld\u00fcrd\u00fckten sonra intihar eden ki\u015fiye ili\u015fkin Cumhuriyet Ba\u015fsavc\u0131l\u0131\u011f\u0131&#8217;ndan bir a\u00e7\u0131klama yap\u0131ld\u0131. \u015eahs\u0131n cezaevinden izinli \u00e7\u0131kt\u0131\u011f\u0131 belirtilen a\u00e7\u0131klamada silahl\u0131 sald\u0131r\u0131 sonucu \u00f6ld\u00fcrd\u00fc\u011f\u00fc kad\u0131nla aralar\u0131nda husumet bulundu\u011fu bildirildi.Erzurum&#8217;da bug\u00fcn tart\u0131\u015ft\u0131\u011f\u0131 kad\u0131n\u0131 \u00f6ld\u00fcrd\u00fckten sonra intihar eden ki\u015fiye ili\u015fkin Cumhuriyet Ba\u015fsavc\u0131l\u0131\u011f\u0131&#8217;ndan bir a\u00e7\u0131klama yap\u0131ld\u0131. \u015eahs\u0131n cezaevinden izinli \u00e7\u0131kt\u0131\u011f\u0131 belirtilen a\u00e7\u0131klamada silahl\u0131 sald\u0131r\u0131 sonucu \u00f6ld\u00fcrd\u00fc\u011f\u00fc kad\u0131nla [&hellip;]<\/p>\n","protected":false},"author":1,"featured_media":0,"comment_status":"open","ping_status":"open","sticky":false,"template":"","format":"standard","meta":{"footnotes":"","_links_to":"","_links_to_target":""},"categories":[1],"tags":[],"class_list":["post-10083","post","type-post","status-publish","format-standard","hentry","category-haberler"],"_links":{"self":[{"href":"https:\/\/www.abchukuk.com\/index.php\/wp-json\/wp\/v2\/posts\/10083","targetHints":{"allow":["GET"]}}],"collection":[{"href":"https:\/\/www.abchukuk.com\/index.php\/wp-json\/wp\/v2\/posts"}],"about":[{"href":"https:\/\/www.abchukuk.com\/index.php\/wp-json\/wp\/v2\/types\/post"}],"author":[{"embeddable":true,"href":"https:\/\/www.abchukuk.com\/index.php\/wp-json\/wp\/v2\/users\/1"}],"replies":[{"embeddable":true,"href":"https:\/\/www.abchukuk.com\/index.php\/wp-json\/wp\/v2\/comments?post=10083"}],"version-history":[{"count":0,"href":"https:\/\/www.abchukuk.com\/index.php\/wp-json\/wp\/v2\/posts\/10083\/revisions"}],"wp:attachment":[{"href":"https:\/\/www.abchukuk.com\/index.php\/wp-json\/wp\/v2\/media?parent=10083"}],"wp:term":[{"taxonomy":"category","embeddable":true,"href":"https:\/\/www.abchukuk.com\/index.php\/wp-json\/wp\/v2\/categories?post=10083"},{"taxonomy":"post_tag","embeddable":true,"href":"https:\/\/www.abchukuk.com\/index.php\/wp-json\/wp\/v2\/tags?post=10083"}],"curies":[{"name":"wp","href":"https:\/\/api.w.org\/{rel}","templated":true}]}}