{"id":10081,"date":"2025-11-03T17:04:00","date_gmt":"2025-11-03T17:04:00","guid":{"rendered":"https:\/\/www.abchukuk.com\/index.php\/2025\/11\/03\/israil-hapishanesinde-filistinli-esire-tecavuzu-ortaya-cikaran-bassavci-gozaltina-alindi\/"},"modified":"2025-11-03T17:04:00","modified_gmt":"2025-11-03T17:04:00","slug":"israil-hapishanesinde-filistinli-esire-tecavuzu-ortaya-cikaran-bassavci-gozaltina-alindi","status":"publish","type":"post","link":"https:\/\/www.abchukuk.com\/index.php\/2025\/11\/03\/israil-hapishanesinde-filistinli-esire-tecavuzu-ortaya-cikaran-bassavci-gozaltina-alindi\/","title":{"rendered":"\u0130srail hapishanesinde Filistinli esire tecav\u00fcz\u00fc ortaya \u00e7\u0131karan ba\u015fsavc\u0131 g\u00f6zalt\u0131na al\u0131nd\u0131"},"content":{"rendered":"<p>\u0130srail&#8217;deki Sde Teiman askeri hapishanesinde Filistinli esire tecav\u00fcz g\u00f6r\u00fcnt\u00fclerini bas\u0131na s\u0131zd\u0131ran eski Askeri Ba\u015fsavc\u0131 Yifat Tomer-Yerushalmi&#8217;nin g\u00f6zalt\u0131na al\u0131nd\u0131\u011f\u0131 ve g\u00f6zalt\u0131 s\u00fcresinin uzat\u0131ld\u0131\u011f\u0131 bildirildi.\u0130srail&#8217;deki Sde Teiman askeri hapishanesinde Filistinli esire tecav\u00fcz g\u00f6r\u00fcnt\u00fclerini bas\u0131na s\u0131zd\u0131ran eski Askeri Ba\u015fsavc\u0131 Yifat Tomer-Yerushalmi&#8217;nin g\u00f6zalt\u0131na al\u0131nd\u0131\u011f\u0131 ve g\u00f6zalt\u0131 s\u00fcresinin uzat\u0131ld\u0131\u011f\u0131 bildirildi.\u00a0<a href=\"https:\/\/www.cumhuriyet.com.tr\/dunya\/israil-hapishanesinde-filistinli-esire-tecavuzu-ortaya-cikaran-bassavci-gozaltina-alindi-2449499\" target=\"_blank\" class=\"feedzy-rss-link-icon\">Read More<\/a><\/p>","protected":false},"excerpt":{"rendered":"<p>\u0130srail&#8217;deki Sde Teiman askeri hapishanesinde Filistinli esire tecav\u00fcz g\u00f6r\u00fcnt\u00fclerini bas\u0131na s\u0131zd\u0131ran eski Askeri Ba\u015fsavc\u0131 Yifat Tomer-Yerushalmi&#8217;nin g\u00f6zalt\u0131na al\u0131nd\u0131\u011f\u0131 ve g\u00f6zalt\u0131 s\u00fcresinin uzat\u0131ld\u0131\u011f\u0131 bildirildi.\u0130srail&#8217;deki Sde Teiman askeri hapishanesinde Filistinli esire tecav\u00fcz g\u00f6r\u00fcnt\u00fclerini bas\u0131na s\u0131zd\u0131ran eski Askeri Ba\u015fsavc\u0131 Yifat Tomer-Yerushalmi&#8217;nin g\u00f6zalt\u0131na al\u0131nd\u0131\u011f\u0131 ve g\u00f6zalt\u0131 s\u00fcresinin uzat\u0131ld\u0131\u011f\u0131 bildirildi.\u00a0Read More<\/p>\n","protected":false},"author":1,"featured_media":10082,"comment_status":"open","ping_status":"open","sticky":false,"template":"","format":"standard","meta":{"footnotes":"","_links_to":"","_links_to_target":""},"categories":[1],"tags":[],"class_list":["post-10081","post","type-post","status-publish","format-standard","has-post-thumbnail","hentry","category-haberler"],"_links":{"self":[{"href":"https:\/\/www.abchukuk.com\/index.php\/wp-json\/wp\/v2\/posts\/10081","targetHints":{"allow":["GET"]}}],"collection":[{"href":"https:\/\/www.abchukuk.com\/index.php\/wp-json\/wp\/v2\/posts"}],"about":[{"href":"https:\/\/www.abchukuk.com\/index.php\/wp-json\/wp\/v2\/types\/post"}],"author":[{"embeddable":true,"href":"https:\/\/www.abchukuk.com\/index.php\/wp-json\/wp\/v2\/users\/1"}],"replies":[{"embeddable":true,"href":"https:\/\/www.abchukuk.com\/index.php\/wp-json\/wp\/v2\/comments?post=10081"}],"version-history":[{"count":0,"href":"https:\/\/www.abchukuk.com\/index.php\/wp-json\/wp\/v2\/posts\/10081\/revisions"}],"wp:featuredmedia":[{"embeddable":true,"href":"https:\/\/www.abchukuk.com\/index.php\/wp-json\/wp\/v2\/media\/10082"}],"wp:attachment":[{"href":"https:\/\/www.abchukuk.com\/index.php\/wp-json\/wp\/v2\/media?parent=10081"}],"wp:term":[{"taxonomy":"category","embeddable":true,"href":"https:\/\/www.abchukuk.com\/index.php\/wp-json\/wp\/v2\/categories?post=10081"},{"taxonomy":"post_tag","embeddable":true,"href":"https:\/\/www.abchukuk.com\/index.php\/wp-json\/wp\/v2\/tags?post=10081"}],"curies":[{"name":"wp","href":"https:\/\/api.w.org\/{rel}","templated":true}]}}