{"id":10080,"date":"2025-11-03T17:09:18","date_gmt":"2025-11-03T17:09:18","guid":{"rendered":"https:\/\/www.abchukuk.com\/index.php\/2025\/11\/03\/loca-ve-kombine-bilet-vaadiyle-binlerce-euroluk-dolandiricilik-16-supheli-gozaltina-alindi\/"},"modified":"2025-11-03T17:09:18","modified_gmt":"2025-11-03T17:09:18","slug":"loca-ve-kombine-bilet-vaadiyle-binlerce-euroluk-dolandiricilik-16-supheli-gozaltina-alindi","status":"publish","type":"post","link":"https:\/\/www.abchukuk.com\/index.php\/2025\/11\/03\/loca-ve-kombine-bilet-vaadiyle-binlerce-euroluk-dolandiricilik-16-supheli-gozaltina-alindi\/","title":{"rendered":"Loca ve kombine bilet vaadiyle binlerce euroluk doland\u0131r\u0131c\u0131l\u0131k: 16 \u015f\u00fcpheli g\u00f6zalt\u0131na al\u0131nd\u0131"},"content":{"rendered":"<p>Galatasaray Kul\u00fcb\u00fc, taraftarlar\u0131na y\u00f6nelik loca ve kombine bilet sat\u0131\u015f\u0131 vaadiyle doland\u0131r\u0131c\u0131l\u0131k faaliyetinde bulunan \u00e7etenin \u00e7\u00f6kertildi\u011fi ve 16 ki\u015finin g\u00f6zalt\u0131na al\u0131nd\u0131\u011f\u0131n\u0131 bildirdi.Galatasaray Kul\u00fcb\u00fc, taraftarlar\u0131na y\u00f6nelik loca ve kombine bilet sat\u0131\u015f\u0131 vaadiyle doland\u0131r\u0131c\u0131l\u0131k faaliyetinde bulunan \u00e7etenin \u00e7\u00f6kertildi\u011fi ve 16 ki\u015finin g\u00f6zalt\u0131na al\u0131nd\u0131\u011f\u0131n\u0131 bildirdi.\u00a0<a href=\"https:\/\/anlatilaninotesi.com.tr\/20251103\/loca-ve-kombine-bilet-vaadiyle-binlerce-euroluk-dolandiricilik-16-supheli-gozaltina-alindi-1100707392.html\" target=\"_blank\" class=\"feedzy-rss-link-icon\">Read More<\/a><\/p>","protected":false},"excerpt":{"rendered":"<p>Galatasaray Kul\u00fcb\u00fc, taraftarlar\u0131na y\u00f6nelik loca ve kombine bilet sat\u0131\u015f\u0131 vaadiyle doland\u0131r\u0131c\u0131l\u0131k faaliyetinde bulunan \u00e7etenin \u00e7\u00f6kertildi\u011fi ve 16 ki\u015finin g\u00f6zalt\u0131na al\u0131nd\u0131\u011f\u0131n\u0131 bildirdi.Galatasaray Kul\u00fcb\u00fc, taraftarlar\u0131na y\u00f6nelik loca ve kombine bilet sat\u0131\u015f\u0131 vaadiyle doland\u0131r\u0131c\u0131l\u0131k faaliyetinde bulunan \u00e7etenin \u00e7\u00f6kertildi\u011fi ve 16 ki\u015finin g\u00f6zalt\u0131na al\u0131nd\u0131\u011f\u0131n\u0131 bildirdi.\u00a0Read More<\/p>\n","protected":false},"author":1,"featured_media":0,"comment_status":"open","ping_status":"open","sticky":false,"template":"","format":"standard","meta":{"footnotes":"","_links_to":"","_links_to_target":""},"categories":[1],"tags":[],"class_list":["post-10080","post","type-post","status-publish","format-standard","hentry","category-haberler"],"_links":{"self":[{"href":"https:\/\/www.abchukuk.com\/index.php\/wp-json\/wp\/v2\/posts\/10080","targetHints":{"allow":["GET"]}}],"collection":[{"href":"https:\/\/www.abchukuk.com\/index.php\/wp-json\/wp\/v2\/posts"}],"about":[{"href":"https:\/\/www.abchukuk.com\/index.php\/wp-json\/wp\/v2\/types\/post"}],"author":[{"embeddable":true,"href":"https:\/\/www.abchukuk.com\/index.php\/wp-json\/wp\/v2\/users\/1"}],"replies":[{"embeddable":true,"href":"https:\/\/www.abchukuk.com\/index.php\/wp-json\/wp\/v2\/comments?post=10080"}],"version-history":[{"count":0,"href":"https:\/\/www.abchukuk.com\/index.php\/wp-json\/wp\/v2\/posts\/10080\/revisions"}],"wp:attachment":[{"href":"https:\/\/www.abchukuk.com\/index.php\/wp-json\/wp\/v2\/media?parent=10080"}],"wp:term":[{"taxonomy":"category","embeddable":true,"href":"https:\/\/www.abchukuk.com\/index.php\/wp-json\/wp\/v2\/categories?post=10080"},{"taxonomy":"post_tag","embeddable":true,"href":"https:\/\/www.abchukuk.com\/index.php\/wp-json\/wp\/v2\/tags?post=10080"}],"curies":[{"name":"wp","href":"https:\/\/api.w.org\/{rel}","templated":true}]}}