{"id":10076,"date":"2025-11-03T16:18:00","date_gmt":"2025-11-03T16:18:00","guid":{"rendered":"https:\/\/www.abchukuk.com\/index.php\/2025\/11\/03\/egitim-senden-kadir-has-universitesine-tepki-hukuksuzluklar-suruyor\/"},"modified":"2025-11-03T16:18:00","modified_gmt":"2025-11-03T16:18:00","slug":"egitim-senden-kadir-has-universitesine-tepki-hukuksuzluklar-suruyor","status":"publish","type":"post","link":"https:\/\/www.abchukuk.com\/index.php\/2025\/11\/03\/egitim-senden-kadir-has-universitesine-tepki-hukuksuzluklar-suruyor\/","title":{"rendered":"E\u011fitim Sen\u2019den Kadir Has \u00dcniversitesi\u2019ne tepki: \u201cHukuksuzluklar s\u00fcr\u00fcyor\u2026\u201d"},"content":{"rendered":"<p>E\u011fitim Sen \u0130stanbul 6 Nolu \u00dcniversiteler \u015eubesi, Kadir Has \u00dcniversitesi\u2019nde ya\u015fanan hukuksuz i\u015ften \u00e7\u0131karmalarla ilgili a\u00e7\u0131klama yay\u0131mlayarak, mahkeme kararlar\u0131n\u0131n uygulanmad\u0131\u011f\u0131n\u0131 ve akademisyenlerin haklar\u0131n\u0131n gasp edildi\u011fini duyurdu.E\u011fitim Sen \u0130stanbul 6 Nolu \u00dcniversiteler \u015eubesi, Kadir Has \u00dcniversitesi\u2019nde ya\u015fanan hukuksuz i\u015ften \u00e7\u0131karmalarla ilgili a\u00e7\u0131klama yay\u0131mlayarak, mahkeme kararlar\u0131n\u0131n uygulanmad\u0131\u011f\u0131n\u0131 ve akademisyenlerin haklar\u0131n\u0131n gasp edildi\u011fini duyurdu.\u00a0<a href=\"https:\/\/www.cumhuriyet.com.tr\/turkiye\/egitim-sen-den-kadir-has-universitesi-ne-tepki-hukuksuzluklar-suruyor-2449492\" target=\"_blank\" class=\"feedzy-rss-link-icon\">Read More<\/a><\/p>","protected":false},"excerpt":{"rendered":"<p>E\u011fitim Sen \u0130stanbul 6 Nolu \u00dcniversiteler \u015eubesi, Kadir Has \u00dcniversitesi\u2019nde ya\u015fanan hukuksuz i\u015ften \u00e7\u0131karmalarla ilgili a\u00e7\u0131klama yay\u0131mlayarak, mahkeme kararlar\u0131n\u0131n uygulanmad\u0131\u011f\u0131n\u0131 ve akademisyenlerin haklar\u0131n\u0131n gasp edildi\u011fini duyurdu.E\u011fitim Sen \u0130stanbul 6 Nolu \u00dcniversiteler \u015eubesi, Kadir Has \u00dcniversitesi\u2019nde ya\u015fanan hukuksuz i\u015ften \u00e7\u0131karmalarla ilgili a\u00e7\u0131klama yay\u0131mlayarak, mahkeme kararlar\u0131n\u0131n uygulanmad\u0131\u011f\u0131n\u0131 ve akademisyenlerin haklar\u0131n\u0131n gasp edildi\u011fini duyurdu.\u00a0Read More<\/p>\n","protected":false},"author":1,"featured_media":10077,"comment_status":"open","ping_status":"open","sticky":false,"template":"","format":"standard","meta":{"footnotes":"","_links_to":"","_links_to_target":""},"categories":[1],"tags":[],"class_list":["post-10076","post","type-post","status-publish","format-standard","has-post-thumbnail","hentry","category-haberler"],"_links":{"self":[{"href":"https:\/\/www.abchukuk.com\/index.php\/wp-json\/wp\/v2\/posts\/10076","targetHints":{"allow":["GET"]}}],"collection":[{"href":"https:\/\/www.abchukuk.com\/index.php\/wp-json\/wp\/v2\/posts"}],"about":[{"href":"https:\/\/www.abchukuk.com\/index.php\/wp-json\/wp\/v2\/types\/post"}],"author":[{"embeddable":true,"href":"https:\/\/www.abchukuk.com\/index.php\/wp-json\/wp\/v2\/users\/1"}],"replies":[{"embeddable":true,"href":"https:\/\/www.abchukuk.com\/index.php\/wp-json\/wp\/v2\/comments?post=10076"}],"version-history":[{"count":0,"href":"https:\/\/www.abchukuk.com\/index.php\/wp-json\/wp\/v2\/posts\/10076\/revisions"}],"wp:featuredmedia":[{"embeddable":true,"href":"https:\/\/www.abchukuk.com\/index.php\/wp-json\/wp\/v2\/media\/10077"}],"wp:attachment":[{"href":"https:\/\/www.abchukuk.com\/index.php\/wp-json\/wp\/v2\/media?parent=10076"}],"wp:term":[{"taxonomy":"category","embeddable":true,"href":"https:\/\/www.abchukuk.com\/index.php\/wp-json\/wp\/v2\/categories?post=10076"},{"taxonomy":"post_tag","embeddable":true,"href":"https:\/\/www.abchukuk.com\/index.php\/wp-json\/wp\/v2\/tags?post=10076"}],"curies":[{"name":"wp","href":"https:\/\/api.w.org\/{rel}","templated":true}]}}