{"id":10068,"date":"2025-11-03T14:24:00","date_gmt":"2025-11-03T14:24:00","guid":{"rendered":"https:\/\/www.abchukuk.com\/index.php\/2025\/11\/03\/mattia-ahmet-minguzzi-davasinda-gerekceli-karar-aciklandi-kesin-ve-inandirici-delil-elde-edilemedi\/"},"modified":"2025-11-03T14:24:00","modified_gmt":"2025-11-03T14:24:00","slug":"mattia-ahmet-minguzzi-davasinda-gerekceli-karar-aciklandi-kesin-ve-inandirici-delil-elde-edilemedi","status":"publish","type":"post","link":"https:\/\/www.abchukuk.com\/index.php\/2025\/11\/03\/mattia-ahmet-minguzzi-davasinda-gerekceli-karar-aciklandi-kesin-ve-inandirici-delil-elde-edilemedi\/","title":{"rendered":"Mattia Ahmet Minguzzi davas\u0131nda gerek\u00e7eli karar a\u00e7\u0131kland\u0131: &#8216;Kesin ve inand\u0131r\u0131c\u0131 delil elde edilemedi&#8217;"},"content":{"rendered":"<p>\u0130stanbul Anadolu 2. \u00c7ocuk A\u011f\u0131r Ceza Mahkemesi, Mattia Ahmet Minguzzi davas\u0131nda beraat eden su\u00e7a s\u00fcr\u00fcklenen \u00e7ocuklar y\u00f6n\u00fcnden gerek\u00e7eli karar\u0131n\u0131 a\u00e7\u0131klad\u0131. Mahkeme, \u201c\u00f6ld\u00fcrme eyleminde aktif eylemlerinin bulundu\u011funa dair her t\u00fcrl\u00fc \u015f\u00fcpheden uzak, kesin ve inand\u0131r\u0131c\u0131 delil elde edilemedi\u011fini\u201d belirtti.\u0130stanbul Anadolu 2. \u00c7ocuk A\u011f\u0131r Ceza Mahkemesi, Mattia Ahmet Minguzzi davas\u0131nda beraat eden su\u00e7a s\u00fcr\u00fcklenen \u00e7ocuklar y\u00f6n\u00fcnden gerek\u00e7eli karar\u0131n\u0131 a\u00e7\u0131klad\u0131. Mahkeme, \u201c\u00f6ld\u00fcrme eyleminde aktif eylemlerinin bulundu\u011funa dair her t\u00fcrl\u00fc \u015f\u00fcpheden uzak, kesin ve inand\u0131r\u0131c\u0131 delil elde edilemedi\u011fini\u201d belirtti.\u00a0<a href=\"https:\/\/www.cumhuriyet.com.tr\/turkiye\/mattia-ahmet-minguzzi-davasinda-gerekceli-karar-aciklandi-kesin-ve-inandirici-delil-elde-edilemedi-2449468\" target=\"_blank\" class=\"feedzy-rss-link-icon\">Read More<\/a><\/p>","protected":false},"excerpt":{"rendered":"<p>\u0130stanbul Anadolu 2. \u00c7ocuk A\u011f\u0131r Ceza Mahkemesi, Mattia Ahmet Minguzzi davas\u0131nda beraat eden su\u00e7a s\u00fcr\u00fcklenen \u00e7ocuklar y\u00f6n\u00fcnden gerek\u00e7eli karar\u0131n\u0131 a\u00e7\u0131klad\u0131. Mahkeme, \u201c\u00f6ld\u00fcrme eyleminde aktif eylemlerinin bulundu\u011funa dair her t\u00fcrl\u00fc \u015f\u00fcpheden uzak, kesin ve inand\u0131r\u0131c\u0131 delil elde edilemedi\u011fini\u201d belirtti.\u0130stanbul Anadolu 2. \u00c7ocuk A\u011f\u0131r Ceza Mahkemesi, Mattia Ahmet Minguzzi davas\u0131nda beraat eden su\u00e7a s\u00fcr\u00fcklenen \u00e7ocuklar y\u00f6n\u00fcnden gerek\u00e7eli [&hellip;]<\/p>\n","protected":false},"author":1,"featured_media":10069,"comment_status":"open","ping_status":"open","sticky":false,"template":"","format":"standard","meta":{"footnotes":"","_links_to":"","_links_to_target":""},"categories":[1],"tags":[],"class_list":["post-10068","post","type-post","status-publish","format-standard","has-post-thumbnail","hentry","category-haberler"],"_links":{"self":[{"href":"https:\/\/www.abchukuk.com\/index.php\/wp-json\/wp\/v2\/posts\/10068","targetHints":{"allow":["GET"]}}],"collection":[{"href":"https:\/\/www.abchukuk.com\/index.php\/wp-json\/wp\/v2\/posts"}],"about":[{"href":"https:\/\/www.abchukuk.com\/index.php\/wp-json\/wp\/v2\/types\/post"}],"author":[{"embeddable":true,"href":"https:\/\/www.abchukuk.com\/index.php\/wp-json\/wp\/v2\/users\/1"}],"replies":[{"embeddable":true,"href":"https:\/\/www.abchukuk.com\/index.php\/wp-json\/wp\/v2\/comments?post=10068"}],"version-history":[{"count":0,"href":"https:\/\/www.abchukuk.com\/index.php\/wp-json\/wp\/v2\/posts\/10068\/revisions"}],"wp:featuredmedia":[{"embeddable":true,"href":"https:\/\/www.abchukuk.com\/index.php\/wp-json\/wp\/v2\/media\/10069"}],"wp:attachment":[{"href":"https:\/\/www.abchukuk.com\/index.php\/wp-json\/wp\/v2\/media?parent=10068"}],"wp:term":[{"taxonomy":"category","embeddable":true,"href":"https:\/\/www.abchukuk.com\/index.php\/wp-json\/wp\/v2\/categories?post=10068"},{"taxonomy":"post_tag","embeddable":true,"href":"https:\/\/www.abchukuk.com\/index.php\/wp-json\/wp\/v2\/tags?post=10068"}],"curies":[{"name":"wp","href":"https:\/\/api.w.org\/{rel}","templated":true}]}}