{"id":10066,"date":"2025-11-03T14:38:00","date_gmt":"2025-11-03T14:38:00","guid":{"rendered":"https:\/\/www.abchukuk.com\/index.php\/2025\/11\/03\/minguzzi-davasinda-gerekceli-karar-cikti-beraat-kararinin-nedeni-belli-oldu\/"},"modified":"2025-11-03T14:38:00","modified_gmt":"2025-11-03T14:38:00","slug":"minguzzi-davasinda-gerekceli-karar-cikti-beraat-kararinin-nedeni-belli-oldu","status":"publish","type":"post","link":"https:\/\/www.abchukuk.com\/index.php\/2025\/11\/03\/minguzzi-davasinda-gerekceli-karar-cikti-beraat-kararinin-nedeni-belli-oldu\/","title":{"rendered":"Minguzzi Davas\u0131nda Gerek\u00e7eli Karar \u00c7\u0131kt\u0131! Beraat Karar\u0131n\u0131n Nedeni Belli Oldu"},"content":{"rendered":"<p><a href=\"https:\/\/www.gercekgundem.com\/guncel\/minguzzi-davasinda-gerekceli-karar-cikti-beraat-kararinin-nedeni-belli-oldu-561402\"><br \/>\n                                                            <img decoding=\"async\" src=\"https:\/\/i.gercekgundem.com\/2\/150\/84\/storage\/files\/images\/2025\/10\/18\/sondakika-gorsel-tlh8.png\" width=\"150\" height=\"84\" border=\"0\" align=\"right\" \/><br \/>\n                                                    <\/a><\/p>\n<h4>Mattia Ahmet Minguzzi davas\u0131nda beraat eden \u00e7ocuk san\u0131klar hakk\u0131nda gerek\u00e7eli karar \u00e7\u0131kt\u0131. Mahkeme, &#8216;\u00f6ld\u00fcrme eyleminde aktif rolleri oldu\u011funa dair her t\u00fcrl\u00fc \u015f\u00fcpheden uzak, kesin ve inand\u0131r\u0131c\u0131 bir delil bulunmad\u0131\u011f\u0131n\u0131&#8217; ifade etti.<\/h4>\n<p>Mattia Ahmet Minguzzi davas\u0131nda beraat eden \u00e7ocuk san\u0131klar hakk\u0131nda gerek\u00e7eli karar \u00e7\u0131kt\u0131. Mahkeme, &#8216;\u00f6ld\u00fcrme eyleminde aktif rolleri oldu\u011funa dair her t\u00fcrl\u00fc \u015f\u00fcpheden uzak, kesin ve inand\u0131r\u0131c\u0131 bir delil bulunmad\u0131\u011f\u0131n\u0131&#8217; ifade etti.\u00a0<a href=\"https:\/\/www.gercekgundem.com\/guncel\/minguzzi-davasinda-gerekceli-karar-cikti-beraat-kararinin-nedeni-belli-oldu-561402\" target=\"_blank\" class=\"feedzy-rss-link-icon\">Read More<\/a><\/p>","protected":false},"excerpt":{"rendered":"<p>Mattia Ahmet Minguzzi davas\u0131nda beraat eden \u00e7ocuk san\u0131klar hakk\u0131nda gerek\u00e7eli karar \u00e7\u0131kt\u0131. Mahkeme, &#8216;\u00f6ld\u00fcrme eyleminde aktif rolleri oldu\u011funa dair her t\u00fcrl\u00fc \u015f\u00fcpheden uzak, kesin ve inand\u0131r\u0131c\u0131 bir delil bulunmad\u0131\u011f\u0131n\u0131&#8217; ifade etti. Mattia Ahmet Minguzzi davas\u0131nda beraat eden \u00e7ocuk san\u0131klar hakk\u0131nda gerek\u00e7eli karar \u00e7\u0131kt\u0131. Mahkeme, &#8216;\u00f6ld\u00fcrme eyleminde aktif rolleri oldu\u011funa dair her t\u00fcrl\u00fc \u015f\u00fcpheden uzak, kesin [&hellip;]<\/p>\n","protected":false},"author":1,"featured_media":10067,"comment_status":"open","ping_status":"open","sticky":false,"template":"","format":"standard","meta":{"footnotes":"","_links_to":"","_links_to_target":""},"categories":[1],"tags":[],"class_list":["post-10066","post","type-post","status-publish","format-standard","has-post-thumbnail","hentry","category-haberler"],"_links":{"self":[{"href":"https:\/\/www.abchukuk.com\/index.php\/wp-json\/wp\/v2\/posts\/10066","targetHints":{"allow":["GET"]}}],"collection":[{"href":"https:\/\/www.abchukuk.com\/index.php\/wp-json\/wp\/v2\/posts"}],"about":[{"href":"https:\/\/www.abchukuk.com\/index.php\/wp-json\/wp\/v2\/types\/post"}],"author":[{"embeddable":true,"href":"https:\/\/www.abchukuk.com\/index.php\/wp-json\/wp\/v2\/users\/1"}],"replies":[{"embeddable":true,"href":"https:\/\/www.abchukuk.com\/index.php\/wp-json\/wp\/v2\/comments?post=10066"}],"version-history":[{"count":0,"href":"https:\/\/www.abchukuk.com\/index.php\/wp-json\/wp\/v2\/posts\/10066\/revisions"}],"wp:featuredmedia":[{"embeddable":true,"href":"https:\/\/www.abchukuk.com\/index.php\/wp-json\/wp\/v2\/media\/10067"}],"wp:attachment":[{"href":"https:\/\/www.abchukuk.com\/index.php\/wp-json\/wp\/v2\/media?parent=10066"}],"wp:term":[{"taxonomy":"category","embeddable":true,"href":"https:\/\/www.abchukuk.com\/index.php\/wp-json\/wp\/v2\/categories?post=10066"},{"taxonomy":"post_tag","embeddable":true,"href":"https:\/\/www.abchukuk.com\/index.php\/wp-json\/wp\/v2\/tags?post=10066"}],"curies":[{"name":"wp","href":"https:\/\/api.w.org\/{rel}","templated":true}]}}