{"id":10062,"date":"2025-11-03T14:52:00","date_gmt":"2025-11-03T14:52:00","guid":{"rendered":"https:\/\/www.abchukuk.com\/index.php\/2025\/11\/03\/acimasizca-katledilmisti-minguzzi-cinayeti-davasinda-gerekceli-karari-aciklandi\/"},"modified":"2025-11-03T14:52:00","modified_gmt":"2025-11-03T14:52:00","slug":"acimasizca-katledilmisti-minguzzi-cinayeti-davasinda-gerekceli-karari-aciklandi","status":"publish","type":"post","link":"https:\/\/www.abchukuk.com\/index.php\/2025\/11\/03\/acimasizca-katledilmisti-minguzzi-cinayeti-davasinda-gerekceli-karari-aciklandi\/","title":{"rendered":"Ac\u0131mas\u0131zca katledilmi\u015fti&#8230; Minguzzi cinayeti davas\u0131nda gerek\u00e7eli karar\u0131 a\u00e7\u0131kland\u0131"},"content":{"rendered":"<p>Kad\u0131k\u00f6y&#8217;de, 15 ya\u015f\u0131ndaki Mattia Ahmet Minguzzi&#8217;nin b\u0131\u00e7aklanarak \u00f6ld\u00fcr\u00fclmesine ili\u015fkin su\u00e7a s\u00fcr\u00fcklenen B.B. ve U.B&#8217;nin 24&#8217;er y\u0131l hapis cezas\u0131na \u00e7arpt\u0131r\u0131ld\u0131\u011f\u0131, M.A.D. ve A.\u00d6&#8217;n\u00fcn beraatine karar verildi\u011fi davada mahkeme gerek\u00e7eli karar\u0131n\u0131 a\u00e7\u0131klad\u0131.Kad\u0131k\u00f6y&#8217;de, 15 ya\u015f\u0131ndaki Mattia Ahmet Minguzzi&#8217;nin b\u0131\u00e7aklanarak \u00f6ld\u00fcr\u00fclmesine ili\u015fkin su\u00e7a s\u00fcr\u00fcklenen B.B. ve U.B&#8217;nin 24&#8217;er y\u0131l hapis cezas\u0131na \u00e7arpt\u0131r\u0131ld\u0131\u011f\u0131, M.A.D. ve A.\u00d6&#8217;n\u00fcn beraatine karar verildi\u011fi davada mahkeme gerek\u00e7eli karar\u0131n\u0131 a\u00e7\u0131klad\u0131.\u00a0<a href=\"https:\/\/www.dunya.com\/gundem\/acimasizca-katledilmisti-minguzzi-cinayeti-davasinda-gerekceli-karari-aciklandi-haberi-801424\" target=\"_blank\" class=\"feedzy-rss-link-icon\">Read More<\/a><\/p>","protected":false},"excerpt":{"rendered":"<p>Kad\u0131k\u00f6y&#8217;de, 15 ya\u015f\u0131ndaki Mattia Ahmet Minguzzi&#8217;nin b\u0131\u00e7aklanarak \u00f6ld\u00fcr\u00fclmesine ili\u015fkin su\u00e7a s\u00fcr\u00fcklenen B.B. ve U.B&#8217;nin 24&#8217;er y\u0131l hapis cezas\u0131na \u00e7arpt\u0131r\u0131ld\u0131\u011f\u0131, M.A.D. ve A.\u00d6&#8217;n\u00fcn beraatine karar verildi\u011fi davada mahkeme gerek\u00e7eli karar\u0131n\u0131 a\u00e7\u0131klad\u0131.Kad\u0131k\u00f6y&#8217;de, 15 ya\u015f\u0131ndaki Mattia Ahmet Minguzzi&#8217;nin b\u0131\u00e7aklanarak \u00f6ld\u00fcr\u00fclmesine ili\u015fkin su\u00e7a s\u00fcr\u00fcklenen B.B. ve U.B&#8217;nin 24&#8217;er y\u0131l hapis cezas\u0131na \u00e7arpt\u0131r\u0131ld\u0131\u011f\u0131, M.A.D. ve A.\u00d6&#8217;n\u00fcn beraatine karar verildi\u011fi davada [&hellip;]<\/p>\n","protected":false},"author":1,"featured_media":10063,"comment_status":"open","ping_status":"open","sticky":false,"template":"","format":"standard","meta":{"footnotes":"","_links_to":"","_links_to_target":""},"categories":[1],"tags":[],"class_list":["post-10062","post","type-post","status-publish","format-standard","has-post-thumbnail","hentry","category-haberler"],"_links":{"self":[{"href":"https:\/\/www.abchukuk.com\/index.php\/wp-json\/wp\/v2\/posts\/10062","targetHints":{"allow":["GET"]}}],"collection":[{"href":"https:\/\/www.abchukuk.com\/index.php\/wp-json\/wp\/v2\/posts"}],"about":[{"href":"https:\/\/www.abchukuk.com\/index.php\/wp-json\/wp\/v2\/types\/post"}],"author":[{"embeddable":true,"href":"https:\/\/www.abchukuk.com\/index.php\/wp-json\/wp\/v2\/users\/1"}],"replies":[{"embeddable":true,"href":"https:\/\/www.abchukuk.com\/index.php\/wp-json\/wp\/v2\/comments?post=10062"}],"version-history":[{"count":0,"href":"https:\/\/www.abchukuk.com\/index.php\/wp-json\/wp\/v2\/posts\/10062\/revisions"}],"wp:featuredmedia":[{"embeddable":true,"href":"https:\/\/www.abchukuk.com\/index.php\/wp-json\/wp\/v2\/media\/10063"}],"wp:attachment":[{"href":"https:\/\/www.abchukuk.com\/index.php\/wp-json\/wp\/v2\/media?parent=10062"}],"wp:term":[{"taxonomy":"category","embeddable":true,"href":"https:\/\/www.abchukuk.com\/index.php\/wp-json\/wp\/v2\/categories?post=10062"},{"taxonomy":"post_tag","embeddable":true,"href":"https:\/\/www.abchukuk.com\/index.php\/wp-json\/wp\/v2\/tags?post=10062"}],"curies":[{"name":"wp","href":"https:\/\/api.w.org\/{rel}","templated":true}]}}