{"id":10058,"date":"2025-11-03T12:02:00","date_gmt":"2025-11-03T12:02:00","guid":{"rendered":"https:\/\/www.abchukuk.com\/index.php\/2025\/11\/03\/besiktastaki-gece-kulubu-faciasi-davasinda-ara-karar-ek-bilirkisi-raporu-cikti\/"},"modified":"2025-11-03T12:02:00","modified_gmt":"2025-11-03T12:02:00","slug":"besiktastaki-gece-kulubu-faciasi-davasinda-ara-karar-ek-bilirkisi-raporu-cikti","status":"publish","type":"post","link":"https:\/\/www.abchukuk.com\/index.php\/2025\/11\/03\/besiktastaki-gece-kulubu-faciasi-davasinda-ara-karar-ek-bilirkisi-raporu-cikti\/","title":{"rendered":"Be\u015fikta\u015f&#8217;taki Gece Kul\u00fcb\u00fc Facias\u0131 Davas\u0131nda Ara Karar: Ek Bilirki\u015fi Raporu \u00c7\u0131kt\u0131"},"content":{"rendered":"<p><a href=\"https:\/\/www.gercekgundem.com\/guncel\/besiktastaki-gece-kulubu-faciasi-davasinda-ara-karar-ek-bilirkisi-raporu-cikti-561387\"><br \/>\n                                                            <img decoding=\"async\" src=\"https:\/\/i.gercekgundem.com\/2\/150\/84\/storage\/files\/images\/2025\/11\/03\/besiktastaki-gece-kulubu-faciasi-davasinda-ara-karar-6kol.jpg\" width=\"150\" height=\"84\" border=\"0\" align=\"right\" \/><br \/>\n                                                    <\/a><\/p>\n<h4>\u0130stanbul Be\u015fikta\u015f&#8217;ta, 29 ki\u015finin hayat\u0131n\u0131 kaybetti\u011fi gece kul\u00fcb\u00fcnde \u00e7\u0131kan yang\u0131na ili\u015fkin davada ara karar \u00e7\u0131kt\u0131. Tutuklu san\u0131klar\u0131n tutukluluklar\u0131n\u0131n devam\u0131na karar veren mahkeme, bir sonraki duru\u015fmay\u0131 22 Aral\u0131k\u2019a erteledi. Ayr\u0131ca faciaya ili\u015fkin ek bilirki\u015fi raporu da dosyaya girdi. Raporda  &#8216;i\u015f kazas\u0131&#8217; olarak tan\u0131mlanan yang\u0131n\u0131n, &#8216;\u00f6ng\u00f6r\u00fclebilir, engellenebilir ve basit tedbirlerle sonu\u00e7lar\u0131 yok edilebilir nitelikte oldu\u011fu&#8217; kaydedildi.<\/h4>\n<p>\u0130stanbul Be\u015fikta\u015f&#8217;ta, 29 ki\u015finin hayat\u0131n\u0131 kaybetti\u011fi gece kul\u00fcb\u00fcnde \u00e7\u0131kan yang\u0131na ili\u015fkin davada ara karar \u00e7\u0131kt\u0131. Tutuklu san\u0131klar\u0131n tutukluluklar\u0131n\u0131n devam\u0131na karar veren mahkeme, bir sonraki duru\u015fmay\u0131 22 Aral\u0131k\u2019a erteledi. Ayr\u0131ca faciaya ili\u015fkin ek bilirki\u015fi raporu da dosyaya girdi. Raporda  &#8216;i\u015f kazas\u0131&#8217; olarak tan\u0131mlanan yang\u0131n\u0131n, &#8216;\u00f6ng\u00f6r\u00fclebilir, engellenebilir ve basit tedbirlerle sonu\u00e7lar\u0131 yok edilebilir nitelikte oldu\u011fu&#8217; kaydedildi.\u00a0<a href=\"https:\/\/www.gercekgundem.com\/guncel\/besiktastaki-gece-kulubu-faciasi-davasinda-ara-karar-ek-bilirkisi-raporu-cikti-561387\" target=\"_blank\" class=\"feedzy-rss-link-icon\">Read More<\/a><\/p>","protected":false},"excerpt":{"rendered":"<p>\u0130stanbul Be\u015fikta\u015f&#8217;ta, 29 ki\u015finin hayat\u0131n\u0131 kaybetti\u011fi gece kul\u00fcb\u00fcnde \u00e7\u0131kan yang\u0131na ili\u015fkin davada ara karar \u00e7\u0131kt\u0131. Tutuklu san\u0131klar\u0131n tutukluluklar\u0131n\u0131n devam\u0131na karar veren mahkeme, bir sonraki duru\u015fmay\u0131 22 Aral\u0131k\u2019a erteledi. Ayr\u0131ca faciaya ili\u015fkin ek bilirki\u015fi raporu da dosyaya girdi. Raporda &#8216;i\u015f kazas\u0131&#8217; olarak tan\u0131mlanan yang\u0131n\u0131n, &#8216;\u00f6ng\u00f6r\u00fclebilir, engellenebilir ve basit tedbirlerle sonu\u00e7lar\u0131 yok edilebilir nitelikte oldu\u011fu&#8217; kaydedildi. \u0130stanbul [&hellip;]<\/p>\n","protected":false},"author":1,"featured_media":10059,"comment_status":"open","ping_status":"open","sticky":false,"template":"","format":"standard","meta":{"footnotes":"","_links_to":"","_links_to_target":""},"categories":[1],"tags":[],"class_list":["post-10058","post","type-post","status-publish","format-standard","has-post-thumbnail","hentry","category-haberler"],"_links":{"self":[{"href":"https:\/\/www.abchukuk.com\/index.php\/wp-json\/wp\/v2\/posts\/10058","targetHints":{"allow":["GET"]}}],"collection":[{"href":"https:\/\/www.abchukuk.com\/index.php\/wp-json\/wp\/v2\/posts"}],"about":[{"href":"https:\/\/www.abchukuk.com\/index.php\/wp-json\/wp\/v2\/types\/post"}],"author":[{"embeddable":true,"href":"https:\/\/www.abchukuk.com\/index.php\/wp-json\/wp\/v2\/users\/1"}],"replies":[{"embeddable":true,"href":"https:\/\/www.abchukuk.com\/index.php\/wp-json\/wp\/v2\/comments?post=10058"}],"version-history":[{"count":0,"href":"https:\/\/www.abchukuk.com\/index.php\/wp-json\/wp\/v2\/posts\/10058\/revisions"}],"wp:featuredmedia":[{"embeddable":true,"href":"https:\/\/www.abchukuk.com\/index.php\/wp-json\/wp\/v2\/media\/10059"}],"wp:attachment":[{"href":"https:\/\/www.abchukuk.com\/index.php\/wp-json\/wp\/v2\/media?parent=10058"}],"wp:term":[{"taxonomy":"category","embeddable":true,"href":"https:\/\/www.abchukuk.com\/index.php\/wp-json\/wp\/v2\/categories?post=10058"},{"taxonomy":"post_tag","embeddable":true,"href":"https:\/\/www.abchukuk.com\/index.php\/wp-json\/wp\/v2\/tags?post=10058"}],"curies":[{"name":"wp","href":"https:\/\/api.w.org\/{rel}","templated":true}]}}