{"id":10052,"date":"2025-11-03T12:18:00","date_gmt":"2025-11-03T12:18:00","guid":{"rendered":"https:\/\/www.abchukuk.com\/index.php\/2025\/11\/03\/evrensele-kursunlu-saldirinin-azmettiricisi-icin-dosya-savciliga-gonderildi\/"},"modified":"2025-11-03T12:18:00","modified_gmt":"2025-11-03T12:18:00","slug":"evrensele-kursunlu-saldirinin-azmettiricisi-icin-dosya-savciliga-gonderildi","status":"publish","type":"post","link":"https:\/\/www.abchukuk.com\/index.php\/2025\/11\/03\/evrensele-kursunlu-saldirinin-azmettiricisi-icin-dosya-savciliga-gonderildi\/","title":{"rendered":"Evrensel&#8217;e kur\u015funlu sald\u0131r\u0131n\u0131n azmettiricisi i\u00e7in dosya savc\u0131l\u0131\u011fa g\u00f6nderildi"},"content":{"rendered":"<p>Evrensel Gazetesi\u2019nin \u0130zmir Temsilcili\u011fine d\u00fczenlenen silahl\u0131 sald\u0131r\u0131n\u0131n ilk duru\u015fmas\u0131 g\u00f6r\u00fcld\u00fc. Olay\u0131 yapan \u0130sa Can Biler&#8217;in tutuklulu\u011funun devam\u0131na karar verilirken, olay\u0131n azmettiricilerinin ortaya \u00e7\u0131kar\u0131lmas\u0131 i\u00e7in dosya savc\u0131ya g\u00f6nderildi. Duru\u015fma 1 Aral\u0131k, saat 10.30&#8217;a ertelendi.Evrensel Gazetesi\u2019nin \u0130zmir Temsilcili\u011fine d\u00fczenlenen silahl\u0131 sald\u0131r\u0131n\u0131n ilk duru\u015fmas\u0131 g\u00f6r\u00fcld\u00fc. Olay\u0131 yapan \u0130sa Can Biler&#8217;in tutuklulu\u011funun devam\u0131na karar verilirken, olay\u0131n azmettiricilerinin ortaya \u00e7\u0131kar\u0131lmas\u0131 i\u00e7in dosya savc\u0131ya g\u00f6nderildi. Duru\u015fma 1 Aral\u0131k, saat 10.30&#8217;a ertelendi.\u00a0<a href=\"https:\/\/www.cumhuriyet.com.tr\/cumhuriyet-in-egesi\/evrensel-e-kursunlu-saldirinin-azmettiricisi-icin-dosya-savciliga-gonderildi-2449408\" target=\"_blank\" class=\"feedzy-rss-link-icon\">Read More<\/a><\/p>","protected":false},"excerpt":{"rendered":"<p>Evrensel Gazetesi\u2019nin \u0130zmir Temsilcili\u011fine d\u00fczenlenen silahl\u0131 sald\u0131r\u0131n\u0131n ilk duru\u015fmas\u0131 g\u00f6r\u00fcld\u00fc. Olay\u0131 yapan \u0130sa Can Biler&#8217;in tutuklulu\u011funun devam\u0131na karar verilirken, olay\u0131n azmettiricilerinin ortaya \u00e7\u0131kar\u0131lmas\u0131 i\u00e7in dosya savc\u0131ya g\u00f6nderildi. Duru\u015fma 1 Aral\u0131k, saat 10.30&#8217;a ertelendi.Evrensel Gazetesi\u2019nin \u0130zmir Temsilcili\u011fine d\u00fczenlenen silahl\u0131 sald\u0131r\u0131n\u0131n ilk duru\u015fmas\u0131 g\u00f6r\u00fcld\u00fc. Olay\u0131 yapan \u0130sa Can Biler&#8217;in tutuklulu\u011funun devam\u0131na karar verilirken, olay\u0131n azmettiricilerinin ortaya \u00e7\u0131kar\u0131lmas\u0131 [&hellip;]<\/p>\n","protected":false},"author":1,"featured_media":10053,"comment_status":"open","ping_status":"open","sticky":false,"template":"","format":"standard","meta":{"footnotes":"","_links_to":"","_links_to_target":""},"categories":[1],"tags":[],"class_list":["post-10052","post","type-post","status-publish","format-standard","has-post-thumbnail","hentry","category-haberler"],"_links":{"self":[{"href":"https:\/\/www.abchukuk.com\/index.php\/wp-json\/wp\/v2\/posts\/10052","targetHints":{"allow":["GET"]}}],"collection":[{"href":"https:\/\/www.abchukuk.com\/index.php\/wp-json\/wp\/v2\/posts"}],"about":[{"href":"https:\/\/www.abchukuk.com\/index.php\/wp-json\/wp\/v2\/types\/post"}],"author":[{"embeddable":true,"href":"https:\/\/www.abchukuk.com\/index.php\/wp-json\/wp\/v2\/users\/1"}],"replies":[{"embeddable":true,"href":"https:\/\/www.abchukuk.com\/index.php\/wp-json\/wp\/v2\/comments?post=10052"}],"version-history":[{"count":0,"href":"https:\/\/www.abchukuk.com\/index.php\/wp-json\/wp\/v2\/posts\/10052\/revisions"}],"wp:featuredmedia":[{"embeddable":true,"href":"https:\/\/www.abchukuk.com\/index.php\/wp-json\/wp\/v2\/media\/10053"}],"wp:attachment":[{"href":"https:\/\/www.abchukuk.com\/index.php\/wp-json\/wp\/v2\/media?parent=10052"}],"wp:term":[{"taxonomy":"category","embeddable":true,"href":"https:\/\/www.abchukuk.com\/index.php\/wp-json\/wp\/v2\/categories?post=10052"},{"taxonomy":"post_tag","embeddable":true,"href":"https:\/\/www.abchukuk.com\/index.php\/wp-json\/wp\/v2\/tags?post=10052"}],"curies":[{"name":"wp","href":"https:\/\/api.w.org\/{rel}","templated":true}]}}