{"id":10042,"date":"2025-11-03T11:44:00","date_gmt":"2025-11-03T11:44:00","guid":{"rendered":"https:\/\/www.abchukuk.com\/index.php\/2025\/11\/03\/yeni-safak-yargitay-daire-baskani-kavgasi-taraflar-birbirlerini-sucluyor-onlar-susuyor\/"},"modified":"2025-11-03T11:44:00","modified_gmt":"2025-11-03T11:44:00","slug":"yeni-safak-yargitay-daire-baskani-kavgasi-taraflar-birbirlerini-sucluyor-onlar-susuyor","status":"publish","type":"post","link":"https:\/\/www.abchukuk.com\/index.php\/2025\/11\/03\/yeni-safak-yargitay-daire-baskani-kavgasi-taraflar-birbirlerini-sucluyor-onlar-susuyor\/","title":{"rendered":"&#8216;Yeni \u015eafak-Yarg\u0131tay daire ba\u015fkan\u0131&#8217; kavgas\u0131: Taraflar birbirlerini su\u00e7luyor, onlar susuyor!"},"content":{"rendered":"<p>Yarg\u0131tay 11. Hukuk Dairesi Ba\u015fkan\u0131 Abdullah Yaman ile ilgili Yeni \u015eafak gazetesinin yapt\u0131\u011f\u0131 haberlere ili\u015fkin yarg\u0131 organlar\u0131 sessizli\u011fini s\u00fcrd\u00fcr\u00fcyor. Konuyu k\u00f6\u015fesine ta\u015f\u0131yan Medya Ombudsman\u0131 Faruk Bildirici, &#8220;Ticari \u00e7\u0131karlar m\u0131, yoksa Yarg\u0131tay\u2019daki bu daireyle ilgili ba\u015fka bir neden mi s\u00f6z konusu? Bu sorular\u0131n yan\u0131t\u0131n\u0131 bilmiyoruz&#8221; dedi.Yarg\u0131tay 11. Hukuk Dairesi Ba\u015fkan\u0131 Abdullah Yaman ile ilgili Yeni \u015eafak gazetesinin yapt\u0131\u011f\u0131 haberlere ili\u015fkin yarg\u0131 organlar\u0131 sessizli\u011fini s\u00fcrd\u00fcr\u00fcyor. Konuyu k\u00f6\u015fesine ta\u015f\u0131yan Medya Ombudsman\u0131 Faruk Bildirici, &#8220;Ticari \u00e7\u0131karlar m\u0131, yoksa Yarg\u0131tay\u2019daki bu daireyle ilgili ba\u015fka bir neden mi s\u00f6z konusu? Bu sorular\u0131n yan\u0131t\u0131n\u0131 bilmiyoruz&#8221; dedi.\u00a0<a href=\"https:\/\/www.cumhuriyet.com.tr\/siyaset\/yeni-safak-yargitay-daire-baskani-kavgasi-taraflar-birbirlerini-sucluyor-onlar-susuyor-2449394\" target=\"_blank\" class=\"feedzy-rss-link-icon\">Read More<\/a><\/p>","protected":false},"excerpt":{"rendered":"<p>Yarg\u0131tay 11. Hukuk Dairesi Ba\u015fkan\u0131 Abdullah Yaman ile ilgili Yeni \u015eafak gazetesinin yapt\u0131\u011f\u0131 haberlere ili\u015fkin yarg\u0131 organlar\u0131 sessizli\u011fini s\u00fcrd\u00fcr\u00fcyor. Konuyu k\u00f6\u015fesine ta\u015f\u0131yan Medya Ombudsman\u0131 Faruk Bildirici, &#8220;Ticari \u00e7\u0131karlar m\u0131, yoksa Yarg\u0131tay\u2019daki bu daireyle ilgili ba\u015fka bir neden mi s\u00f6z konusu? Bu sorular\u0131n yan\u0131t\u0131n\u0131 bilmiyoruz&#8221; dedi.Yarg\u0131tay 11. Hukuk Dairesi Ba\u015fkan\u0131 Abdullah Yaman ile ilgili Yeni \u015eafak [&hellip;]<\/p>\n","protected":false},"author":1,"featured_media":10043,"comment_status":"open","ping_status":"open","sticky":false,"template":"","format":"standard","meta":{"footnotes":"","_links_to":"","_links_to_target":""},"categories":[1],"tags":[],"class_list":["post-10042","post","type-post","status-publish","format-standard","has-post-thumbnail","hentry","category-haberler"],"_links":{"self":[{"href":"https:\/\/www.abchukuk.com\/index.php\/wp-json\/wp\/v2\/posts\/10042","targetHints":{"allow":["GET"]}}],"collection":[{"href":"https:\/\/www.abchukuk.com\/index.php\/wp-json\/wp\/v2\/posts"}],"about":[{"href":"https:\/\/www.abchukuk.com\/index.php\/wp-json\/wp\/v2\/types\/post"}],"author":[{"embeddable":true,"href":"https:\/\/www.abchukuk.com\/index.php\/wp-json\/wp\/v2\/users\/1"}],"replies":[{"embeddable":true,"href":"https:\/\/www.abchukuk.com\/index.php\/wp-json\/wp\/v2\/comments?post=10042"}],"version-history":[{"count":0,"href":"https:\/\/www.abchukuk.com\/index.php\/wp-json\/wp\/v2\/posts\/10042\/revisions"}],"wp:featuredmedia":[{"embeddable":true,"href":"https:\/\/www.abchukuk.com\/index.php\/wp-json\/wp\/v2\/media\/10043"}],"wp:attachment":[{"href":"https:\/\/www.abchukuk.com\/index.php\/wp-json\/wp\/v2\/media?parent=10042"}],"wp:term":[{"taxonomy":"category","embeddable":true,"href":"https:\/\/www.abchukuk.com\/index.php\/wp-json\/wp\/v2\/categories?post=10042"},{"taxonomy":"post_tag","embeddable":true,"href":"https:\/\/www.abchukuk.com\/index.php\/wp-json\/wp\/v2\/tags?post=10042"}],"curies":[{"name":"wp","href":"https:\/\/api.w.org\/{rel}","templated":true}]}}