{"id":10038,"date":"2025-11-03T10:45:27","date_gmt":"2025-11-03T10:45:27","guid":{"rendered":"https:\/\/www.abchukuk.com\/index.php\/2025\/11\/03\/erzurumda-sokak-ortasinda-kadin-cinayeti-cezaevinden-cikti-12-gun-sonra-dehset-sacti\/"},"modified":"2025-11-03T10:45:27","modified_gmt":"2025-11-03T10:45:27","slug":"erzurumda-sokak-ortasinda-kadin-cinayeti-cezaevinden-cikti-12-gun-sonra-dehset-sacti","status":"publish","type":"post","link":"https:\/\/www.abchukuk.com\/index.php\/2025\/11\/03\/erzurumda-sokak-ortasinda-kadin-cinayeti-cezaevinden-cikti-12-gun-sonra-dehset-sacti\/","title":{"rendered":"Erzurum\u2019da Sokak Ortas\u0131nda Kad\u0131n Cinayeti! Cezaevinden \u00c7\u0131kt\u0131, 12 G\u00fcn Sonra Deh\u015fet Sa\u00e7t\u0131!"},"content":{"rendered":"<p><a href=\"https:\/\/www.gercekgundem.com\/guncel\/erzurumda-sokak-ortasinda-kadin-cinayeti-cezaevinden-cikti-12-gun-sonra-dehset-sacti-561382\"><br \/>\n                                                            <img decoding=\"async\" src=\"https:\/\/i.gercekgundem.com\/2\/150\/84\/storage\/files\/images\/2025\/11\/03\/erzurumda-sokak-ortasinda-kadin-cinayeti-cezaevinden-cikti-12-gun-sonra-dehset-sacti-zlzd.jpg\" width=\"150\" height=\"84\" border=\"0\" align=\"right\" \/><br \/>\n                                                    <\/a><\/p>\n<h4>Erzurum\u2019un Yakutiye il\u00e7esinde sabah saatlerinde meydana gelen olayda, Salih Aybas adl\u0131 ki\u015fi, sokak ortas\u0131nda kovalad\u0131\u011f\u0131 Nermin Tirit\u2019i tabancayla vurduktan sonra ayn\u0131 silahla intihar etti.<\/h4>\n<p>Erzurum\u2019un Yakutiye il\u00e7esinde sabah saatlerinde meydana gelen olayda, Salih Aybas adl\u0131 ki\u015fi, sokak ortas\u0131nda kovalad\u0131\u011f\u0131 Nermin Tirit\u2019i tabancayla vurduktan sonra ayn\u0131 silahla intihar etti.\u00a0<a href=\"https:\/\/www.gercekgundem.com\/guncel\/erzurumda-sokak-ortasinda-kadin-cinayeti-cezaevinden-cikti-12-gun-sonra-dehset-sacti-561382\" target=\"_blank\" class=\"feedzy-rss-link-icon\">Read More<\/a><\/p>","protected":false},"excerpt":{"rendered":"<p>Erzurum\u2019un Yakutiye il\u00e7esinde sabah saatlerinde meydana gelen olayda, Salih Aybas adl\u0131 ki\u015fi, sokak ortas\u0131nda kovalad\u0131\u011f\u0131 Nermin Tirit\u2019i tabancayla vurduktan sonra ayn\u0131 silahla intihar etti. Erzurum\u2019un Yakutiye il\u00e7esinde sabah saatlerinde meydana gelen olayda, Salih Aybas adl\u0131 ki\u015fi, sokak ortas\u0131nda kovalad\u0131\u011f\u0131 Nermin Tirit\u2019i tabancayla vurduktan sonra ayn\u0131 silahla intihar etti.\u00a0Read More<\/p>\n","protected":false},"author":1,"featured_media":10039,"comment_status":"open","ping_status":"open","sticky":false,"template":"","format":"standard","meta":{"footnotes":"","_links_to":"","_links_to_target":""},"categories":[1],"tags":[],"class_list":["post-10038","post","type-post","status-publish","format-standard","has-post-thumbnail","hentry","category-haberler"],"_links":{"self":[{"href":"https:\/\/www.abchukuk.com\/index.php\/wp-json\/wp\/v2\/posts\/10038","targetHints":{"allow":["GET"]}}],"collection":[{"href":"https:\/\/www.abchukuk.com\/index.php\/wp-json\/wp\/v2\/posts"}],"about":[{"href":"https:\/\/www.abchukuk.com\/index.php\/wp-json\/wp\/v2\/types\/post"}],"author":[{"embeddable":true,"href":"https:\/\/www.abchukuk.com\/index.php\/wp-json\/wp\/v2\/users\/1"}],"replies":[{"embeddable":true,"href":"https:\/\/www.abchukuk.com\/index.php\/wp-json\/wp\/v2\/comments?post=10038"}],"version-history":[{"count":0,"href":"https:\/\/www.abchukuk.com\/index.php\/wp-json\/wp\/v2\/posts\/10038\/revisions"}],"wp:featuredmedia":[{"embeddable":true,"href":"https:\/\/www.abchukuk.com\/index.php\/wp-json\/wp\/v2\/media\/10039"}],"wp:attachment":[{"href":"https:\/\/www.abchukuk.com\/index.php\/wp-json\/wp\/v2\/media?parent=10038"}],"wp:term":[{"taxonomy":"category","embeddable":true,"href":"https:\/\/www.abchukuk.com\/index.php\/wp-json\/wp\/v2\/categories?post=10038"},{"taxonomy":"post_tag","embeddable":true,"href":"https:\/\/www.abchukuk.com\/index.php\/wp-json\/wp\/v2\/tags?post=10038"}],"curies":[{"name":"wp","href":"https:\/\/api.w.org\/{rel}","templated":true}]}}