{"id":10036,"date":"2025-11-03T10:47:00","date_gmt":"2025-11-03T10:47:00","guid":{"rendered":"https:\/\/www.abchukuk.com\/index.php\/2025\/11\/03\/5-kisiye-mezar-olmustu-oba-makarna-fabrika-patlamasi-gerekceli-karar-aciklandi\/"},"modified":"2025-11-03T10:47:00","modified_gmt":"2025-11-03T10:47:00","slug":"5-kisiye-mezar-olmustu-oba-makarna-fabrika-patlamasi-gerekceli-karar-aciklandi","status":"publish","type":"post","link":"https:\/\/www.abchukuk.com\/index.php\/2025\/11\/03\/5-kisiye-mezar-olmustu-oba-makarna-fabrika-patlamasi-gerekceli-karar-aciklandi\/","title":{"rendered":"5 ki\u015fiye mezar olmu\u015ftu&#8230; OBA makarna fabrika patlamas\u0131: Gerek\u00e7eli karar a\u00e7\u0131kland\u0131!"},"content":{"rendered":"<p>Sakarya&#8217;n\u0131n Hendek il\u00e7esinde 5 ki\u015finin hayat\u0131n\u0131 kaybetti\u011fi, 26 ki\u015finin yaraland\u0131\u011f\u0131 Oba Makarna fabrikas\u0131ndaki patlamaya ili\u015fkin davan\u0131n gerek\u00e7eli karar\u0131 a\u00e7\u0131kland\u0131. Yang\u0131n\u0131n de\u011firmen b\u00f6l\u00fcm\u00fcn\u00fcn zemin kat\u0131nda yakla\u015f\u0131k 1 saniye i\u00e7inde meydana geldi\u011fi belirtilen kararda, kaynak noktan\u0131n zemin kattaki elektrik odas\u0131 olarak tan\u0131mlanan alanda ba\u015flad\u0131\u011f\u0131 ve yo\u011fun toz birikimi sebebiyle toz patlamas\u0131 \u015feklinde yay\u0131larak t\u00fcm b\u00f6lgede patlamaya sebep oldu\u011fu belirtildi.Sakarya&#8217;n\u0131n Hendek il\u00e7esinde 5 ki\u015finin hayat\u0131n\u0131 kaybetti\u011fi, 26 ki\u015finin yaraland\u0131\u011f\u0131 Oba Makarna fabrikas\u0131ndaki patlamaya ili\u015fkin davan\u0131n gerek\u00e7eli karar\u0131 a\u00e7\u0131kland\u0131. Yang\u0131n\u0131n de\u011firmen b\u00f6l\u00fcm\u00fcn\u00fcn zemin kat\u0131nda yakla\u015f\u0131k 1 saniye i\u00e7inde meydana geldi\u011fi belirtilen kararda, kaynak noktan\u0131n zemin kattaki elektrik odas\u0131 olarak tan\u0131mlanan alanda ba\u015flad\u0131\u011f\u0131 ve yo\u011fun toz birikimi sebebiyle toz patlamas\u0131 \u015feklinde yay\u0131larak t\u00fcm b\u00f6lgede patlamaya sebep oldu\u011fu belirtildi.\u00a0<a href=\"https:\/\/www.cumhuriyet.com.tr\/turkiye\/5-kisiye-mezar-olmustu-oba-makarna-fabrika-patlamasi-gerekceli-karar-aciklandi-2449373\" target=\"_blank\" class=\"feedzy-rss-link-icon\">Read More<\/a><\/p>","protected":false},"excerpt":{"rendered":"<p>Sakarya&#8217;n\u0131n Hendek il\u00e7esinde 5 ki\u015finin hayat\u0131n\u0131 kaybetti\u011fi, 26 ki\u015finin yaraland\u0131\u011f\u0131 Oba Makarna fabrikas\u0131ndaki patlamaya ili\u015fkin davan\u0131n gerek\u00e7eli karar\u0131 a\u00e7\u0131kland\u0131. Yang\u0131n\u0131n de\u011firmen b\u00f6l\u00fcm\u00fcn\u00fcn zemin kat\u0131nda yakla\u015f\u0131k 1 saniye i\u00e7inde meydana geldi\u011fi belirtilen kararda, kaynak noktan\u0131n zemin kattaki elektrik odas\u0131 olarak tan\u0131mlanan alanda ba\u015flad\u0131\u011f\u0131 ve yo\u011fun toz birikimi sebebiyle toz patlamas\u0131 \u015feklinde yay\u0131larak t\u00fcm b\u00f6lgede patlamaya sebep [&hellip;]<\/p>\n","protected":false},"author":1,"featured_media":10037,"comment_status":"open","ping_status":"open","sticky":false,"template":"","format":"standard","meta":{"footnotes":"","_links_to":"","_links_to_target":""},"categories":[1],"tags":[],"class_list":["post-10036","post","type-post","status-publish","format-standard","has-post-thumbnail","hentry","category-haberler"],"_links":{"self":[{"href":"https:\/\/www.abchukuk.com\/index.php\/wp-json\/wp\/v2\/posts\/10036","targetHints":{"allow":["GET"]}}],"collection":[{"href":"https:\/\/www.abchukuk.com\/index.php\/wp-json\/wp\/v2\/posts"}],"about":[{"href":"https:\/\/www.abchukuk.com\/index.php\/wp-json\/wp\/v2\/types\/post"}],"author":[{"embeddable":true,"href":"https:\/\/www.abchukuk.com\/index.php\/wp-json\/wp\/v2\/users\/1"}],"replies":[{"embeddable":true,"href":"https:\/\/www.abchukuk.com\/index.php\/wp-json\/wp\/v2\/comments?post=10036"}],"version-history":[{"count":0,"href":"https:\/\/www.abchukuk.com\/index.php\/wp-json\/wp\/v2\/posts\/10036\/revisions"}],"wp:featuredmedia":[{"embeddable":true,"href":"https:\/\/www.abchukuk.com\/index.php\/wp-json\/wp\/v2\/media\/10037"}],"wp:attachment":[{"href":"https:\/\/www.abchukuk.com\/index.php\/wp-json\/wp\/v2\/media?parent=10036"}],"wp:term":[{"taxonomy":"category","embeddable":true,"href":"https:\/\/www.abchukuk.com\/index.php\/wp-json\/wp\/v2\/categories?post=10036"},{"taxonomy":"post_tag","embeddable":true,"href":"https:\/\/www.abchukuk.com\/index.php\/wp-json\/wp\/v2\/tags?post=10036"}],"curies":[{"name":"wp","href":"https:\/\/api.w.org\/{rel}","templated":true}]}}