{"id":10022,"date":"2025-11-03T09:52:00","date_gmt":"2025-11-03T09:52:00","guid":{"rendered":"https:\/\/www.abchukuk.com\/index.php\/2025\/11\/03\/36-ilde-cevrimici-cocuk-mustehcenligi-operasyonu-86-kisi-gozaltina-alindilar\/"},"modified":"2025-11-03T09:52:00","modified_gmt":"2025-11-03T09:52:00","slug":"36-ilde-cevrimici-cocuk-mustehcenligi-operasyonu-86-kisi-gozaltina-alindilar","status":"publish","type":"post","link":"https:\/\/www.abchukuk.com\/index.php\/2025\/11\/03\/36-ilde-cevrimici-cocuk-mustehcenligi-operasyonu-86-kisi-gozaltina-alindilar\/","title":{"rendered":"36 ilde \u2019\u00c7evrimi\u00e7i \u00c7ocuk M\u00fcstehcenli\u011fi\u2019 operasyonu: 86 ki\u015fi g\u00f6zalt\u0131na al\u0131nd\u0131lar"},"content":{"rendered":"<p>Sakarya merkezli 36 ilde e\u015f zamanl\u0131 olarak polis ekipleri taraf\u0131ndan \u2019\u00c7evrimi\u00e7i \u00e7ocuk m\u00fcstehcenli\u011fi\u2019 su\u00e7lamas\u0131 kapsam\u0131nda yap\u0131lan operasyonlarda g\u00f6zalt\u0131na al\u0131nan 86 \u015f\u00fcpheliden 25\u2019i tutuklanarak cezaevine g\u00f6nderildi.Sakarya merkezli 36 ilde e\u015f zamanl\u0131 olarak polis ekipleri taraf\u0131ndan \u2019\u00c7evrimi\u00e7i \u00e7ocuk m\u00fcstehcenli\u011fi\u2019 su\u00e7lamas\u0131 kapsam\u0131nda yap\u0131lan operasyonlarda g\u00f6zalt\u0131na al\u0131nan 86 \u015f\u00fcpheliden 25\u2019i tutuklanarak cezaevine g\u00f6nderildi.\u00a0<a href=\"https:\/\/www.cumhuriyet.com.tr\/turkiye\/36-ilde-cevrimici-cocuk-mustehcenligi-operasyonu-86-kisi-gozaltina-alindilar-2449357\" target=\"_blank\" class=\"feedzy-rss-link-icon\">Read More<\/a><\/p>","protected":false},"excerpt":{"rendered":"<p>Sakarya merkezli 36 ilde e\u015f zamanl\u0131 olarak polis ekipleri taraf\u0131ndan \u2019\u00c7evrimi\u00e7i \u00e7ocuk m\u00fcstehcenli\u011fi\u2019 su\u00e7lamas\u0131 kapsam\u0131nda yap\u0131lan operasyonlarda g\u00f6zalt\u0131na al\u0131nan 86 \u015f\u00fcpheliden 25\u2019i tutuklanarak cezaevine g\u00f6nderildi.Sakarya merkezli 36 ilde e\u015f zamanl\u0131 olarak polis ekipleri taraf\u0131ndan \u2019\u00c7evrimi\u00e7i \u00e7ocuk m\u00fcstehcenli\u011fi\u2019 su\u00e7lamas\u0131 kapsam\u0131nda yap\u0131lan operasyonlarda g\u00f6zalt\u0131na al\u0131nan 86 \u015f\u00fcpheliden 25\u2019i tutuklanarak cezaevine g\u00f6nderildi.\u00a0Read More<\/p>\n","protected":false},"author":1,"featured_media":10023,"comment_status":"open","ping_status":"open","sticky":false,"template":"","format":"standard","meta":{"footnotes":"","_links_to":"","_links_to_target":""},"categories":[1],"tags":[],"class_list":["post-10022","post","type-post","status-publish","format-standard","has-post-thumbnail","hentry","category-haberler"],"_links":{"self":[{"href":"https:\/\/www.abchukuk.com\/index.php\/wp-json\/wp\/v2\/posts\/10022","targetHints":{"allow":["GET"]}}],"collection":[{"href":"https:\/\/www.abchukuk.com\/index.php\/wp-json\/wp\/v2\/posts"}],"about":[{"href":"https:\/\/www.abchukuk.com\/index.php\/wp-json\/wp\/v2\/types\/post"}],"author":[{"embeddable":true,"href":"https:\/\/www.abchukuk.com\/index.php\/wp-json\/wp\/v2\/users\/1"}],"replies":[{"embeddable":true,"href":"https:\/\/www.abchukuk.com\/index.php\/wp-json\/wp\/v2\/comments?post=10022"}],"version-history":[{"count":0,"href":"https:\/\/www.abchukuk.com\/index.php\/wp-json\/wp\/v2\/posts\/10022\/revisions"}],"wp:featuredmedia":[{"embeddable":true,"href":"https:\/\/www.abchukuk.com\/index.php\/wp-json\/wp\/v2\/media\/10023"}],"wp:attachment":[{"href":"https:\/\/www.abchukuk.com\/index.php\/wp-json\/wp\/v2\/media?parent=10022"}],"wp:term":[{"taxonomy":"category","embeddable":true,"href":"https:\/\/www.abchukuk.com\/index.php\/wp-json\/wp\/v2\/categories?post=10022"},{"taxonomy":"post_tag","embeddable":true,"href":"https:\/\/www.abchukuk.com\/index.php\/wp-json\/wp\/v2\/tags?post=10022"}],"curies":[{"name":"wp","href":"https:\/\/api.w.org\/{rel}","templated":true}]}}