{"id":10021,"date":"2025-11-03T08:20:12","date_gmt":"2025-11-03T08:20:12","guid":{"rendered":"https:\/\/www.abchukuk.com\/index.php\/2025\/11\/03\/hsk-uyeligi-icin-gozler-mecliste\/"},"modified":"2025-11-03T08:20:12","modified_gmt":"2025-11-03T08:20:12","slug":"hsk-uyeligi-icin-gozler-mecliste","status":"publish","type":"post","link":"https:\/\/www.abchukuk.com\/index.php\/2025\/11\/03\/hsk-uyeligi-icin-gozler-mecliste\/","title":{"rendered":"HSK \u00fcyeli\u011fi i\u00e7in g\u00f6zler Meclis\u2019te"},"content":{"rendered":"<p class=\"p1\">T\u00fcrkiye B\u00fcy\u00fck Millet Meclisi (TBMM) Genel Kurulu, haftal\u0131k \u00e7al\u0131\u015fmalar\u0131na yar\u0131n ba\u015fl\u0131yor. G\u00fcndeminde bir\u00e7ok \u00f6nemli ba\u015fl\u0131k bulunan Genel Kurul\u2019da, Hakimler ve Savc\u0131lar Kurulu\u2019na (HSK) se\u00e7ilecek yeni \u00fcye de belli olacak. \u00dc\u00e7 aday\u0131n yar\u0131\u015ft\u0131\u011f\u0131 se\u00e7imde g\u00f6zler Meclis\u2019te olacak.<\/p>\n<p class=\"p1\"><span class=\"s2\">TBMM HSK \u00dcYES\u0130N\u0130 SE\u00c7\u0130YOR<\/span><\/p>\n<p class=\"p1\"><span class=\"s2\">TBMM Anayasa ve Adalet komisyonlar\u0131 \u00fcyelerinden olu\u015fan Karma Komisyon, ge\u00e7ti\u011fimiz haftalarda HSK \u00fcyeli\u011fi i\u00e7in yar\u0131\u015facak \u00fc\u00e7 ismi belirlemi\u015fti. Yap\u0131lan de\u011ferlendirmeler sonucunda, Havvanur Yurtsever, \u0130smail Erg\u00fcne\u015f ve Mustafa Naim Ya\u011fc\u0131 Genel Kurul\u2019da oylanacak adaylar olarak a\u00e7\u0131kland\u0131.<\/span><\/p>\n<p class=\"p1\"><span class=\"s2\">ADAYLAR ARASINDAN B\u0130R\u0130 SE\u00c7\u0130LECEK<\/span><\/p>\n<p class=\"p1\"><span class=\"s2\">HSK \u00fcyeli\u011fi i\u00e7in avukatlar aras\u0131ndan 24, \u00f6\u011fretim \u00fcyeleri aras\u0131ndan 7 ki\u015fi olmak \u00fczere toplam 31 ba\u015fvuru yap\u0131ld\u0131. Komisyonun de\u011ferlendirmesinin ard\u0131ndan belirlenen \u00fc\u00e7 adaydan biri TBMM Genel Kurulu\u2019nun gizli oylamas\u0131yla HSK \u00fcyesi olarak se\u00e7ilecek.<\/span><\/p>\n<p class=\"p1\"><span class=\"s2\">OYLAMA USUL\u00dc BELL\u0130 OLDU<\/span><\/p>\n<p class=\"p1\"><span class=\"s2\">Se\u00e7imde her bir aday i\u00e7in ayr\u0131 ayr\u0131 gizli oy kullan\u0131lacak. \u0130lk turda \u00fcye tamsay\u0131s\u0131n\u0131n \u00fc\u00e7te iki \u00e7o\u011funlu\u011fu aranacak. Bu \u00e7o\u011funluk sa\u011flanamazsa ikinci turda be\u015fte \u00fc\u00e7 \u00e7o\u011funluk gerekecek. \u0130kinci oylamada da sonu\u00e7 al\u0131namazsa, en \u00e7ok oyu alan iki aday aras\u0131nda ad \u00e7ekme y\u00f6ntemiyle se\u00e7im tamamlanacak.<\/span><\/p>\n<p class=\"p1\"><span class=\"s2\">YEN\u0130 \u00dcYE 4 YIL G\u00d6REV YAPACAK<\/span><\/p>\n<p class=\"p1\"><span class=\"s2\">Se\u00e7ilecek HSK \u00fcyesi 4 y\u0131l boyunca g\u00f6revde kalacak. Yarg\u0131 te\u015fkilat\u0131n\u0131n yak\u0131ndan takip etti\u011fi se\u00e7im, yar\u0131n Meclis Genel Kurulu\u2019nda yap\u0131lacak oylamayla sonu\u00e7lanacak.<\/span><\/p>\n<p>TBMM Genel Kurulu, yar\u0131n Hakimler ve Savc\u0131lar Kurulu\u2019na (HSK) yeni \u00fcye se\u00e7mek i\u00e7in toplan\u0131yor. Karma Komisyon\u2019un belirledi\u011fi Havvanur Yurtsever, \u0130smail Erg\u00fcne\u015f ve Mustafa Naim Ya\u011fc\u0131 aras\u0131ndan biri gizli oylamayla se\u00e7ilecek. Yeni \u00fcye 4 y\u0131l g\u00f6rev yapacak.\u00a0<a href=\"https:\/\/www.son.tv\/hsk-uyeligi-icin-gozler-mecliste\/\" target=\"_blank\" class=\"feedzy-rss-link-icon\">Read More<\/a><\/p>","protected":false},"excerpt":{"rendered":"<p>T\u00fcrkiye B\u00fcy\u00fck Millet Meclisi (TBMM) Genel Kurulu, haftal\u0131k \u00e7al\u0131\u015fmalar\u0131na yar\u0131n ba\u015fl\u0131yor. G\u00fcndeminde bir\u00e7ok \u00f6nemli ba\u015fl\u0131k bulunan Genel Kurul\u2019da, Hakimler ve Savc\u0131lar Kurulu\u2019na (HSK) se\u00e7ilecek yeni \u00fcye de belli olacak. \u00dc\u00e7 aday\u0131n yar\u0131\u015ft\u0131\u011f\u0131 se\u00e7imde g\u00f6zler Meclis\u2019te olacak. TBMM HSK \u00dcYES\u0130N\u0130 SE\u00c7\u0130YOR TBMM Anayasa ve Adalet komisyonlar\u0131 \u00fcyelerinden olu\u015fan Karma Komisyon, ge\u00e7ti\u011fimiz haftalarda HSK \u00fcyeli\u011fi i\u00e7in yar\u0131\u015facak [&hellip;]<\/p>\n","protected":false},"author":1,"featured_media":0,"comment_status":"open","ping_status":"open","sticky":false,"template":"","format":"standard","meta":{"footnotes":"","_links_to":"","_links_to_target":""},"categories":[1],"tags":[],"class_list":["post-10021","post","type-post","status-publish","format-standard","hentry","category-haberler"],"_links":{"self":[{"href":"https:\/\/www.abchukuk.com\/index.php\/wp-json\/wp\/v2\/posts\/10021","targetHints":{"allow":["GET"]}}],"collection":[{"href":"https:\/\/www.abchukuk.com\/index.php\/wp-json\/wp\/v2\/posts"}],"about":[{"href":"https:\/\/www.abchukuk.com\/index.php\/wp-json\/wp\/v2\/types\/post"}],"author":[{"embeddable":true,"href":"https:\/\/www.abchukuk.com\/index.php\/wp-json\/wp\/v2\/users\/1"}],"replies":[{"embeddable":true,"href":"https:\/\/www.abchukuk.com\/index.php\/wp-json\/wp\/v2\/comments?post=10021"}],"version-history":[{"count":0,"href":"https:\/\/www.abchukuk.com\/index.php\/wp-json\/wp\/v2\/posts\/10021\/revisions"}],"wp:attachment":[{"href":"https:\/\/www.abchukuk.com\/index.php\/wp-json\/wp\/v2\/media?parent=10021"}],"wp:term":[{"taxonomy":"category","embeddable":true,"href":"https:\/\/www.abchukuk.com\/index.php\/wp-json\/wp\/v2\/categories?post=10021"},{"taxonomy":"post_tag","embeddable":true,"href":"https:\/\/www.abchukuk.com\/index.php\/wp-json\/wp\/v2\/tags?post=10021"}],"curies":[{"name":"wp","href":"https:\/\/api.w.org\/{rel}","templated":true}]}}