{"id":10019,"date":"2025-11-03T07:20:00","date_gmt":"2025-11-03T07:20:00","guid":{"rendered":"https:\/\/www.abchukuk.com\/index.php\/2025\/11\/03\/osman-kavaladan-8inci-yil-mesaji-temel-hukuk-kurallarina-riayetin-egemen-olacagina-inaniyorum\/"},"modified":"2025-11-03T07:20:00","modified_gmt":"2025-11-03T07:20:00","slug":"osman-kavaladan-8inci-yil-mesaji-temel-hukuk-kurallarina-riayetin-egemen-olacagina-inaniyorum","status":"publish","type":"post","link":"https:\/\/www.abchukuk.com\/index.php\/2025\/11\/03\/osman-kavaladan-8inci-yil-mesaji-temel-hukuk-kurallarina-riayetin-egemen-olacagina-inaniyorum\/","title":{"rendered":"Osman Kavala&#8217;dan &#8216;8&#8217;inci y\u0131l&#8217; mesaj\u0131: &#8216;Temel hukuk kurallar\u0131na riayetin egemen olaca\u011f\u0131na inan\u0131yorum&#8217;"},"content":{"rendered":"<p>\u0130\u015f insan\u0131 Osman Kavala, Gezi Davas\u0131&#8217;ndan tutuklanmas\u0131n\u0131n 8&#8217;inci y\u0131l\u0131nda yapt\u0131\u011f\u0131 a\u00e7\u0131klamada &#8220;Temel hukuk kurallar\u0131na riayet eden, insan haklar\u0131na ve insan haysiyetine sayg\u0131 g\u00f6steren bir anlay\u0131\u015f\u0131n \u00fclkemizde de egemen olaca\u011f\u0131na inanmaya devam ediyorum\u201d dedi.\u0130\u015f insan\u0131 Osman Kavala, Gezi Davas\u0131&#8217;ndan tutuklanmas\u0131n\u0131n 8&#8217;inci y\u0131l\u0131nda yapt\u0131\u011f\u0131 a\u00e7\u0131klamada &#8220;Temel hukuk kurallar\u0131na riayet eden, insan haklar\u0131na ve insan haysiyetine sayg\u0131 g\u00f6steren bir anlay\u0131\u015f\u0131n \u00fclkemizde de egemen olaca\u011f\u0131na inanmaya devam ediyorum\u201d dedi.\u00a0<a href=\"https:\/\/www.cumhuriyet.com.tr\/siyaset\/osman-kavala-dan-8-inci-yil-mesaji-temel-hukuk-kurallarina-riayetin-egemen-olacagina-inaniyorum-2449279\" target=\"_blank\" class=\"feedzy-rss-link-icon\">Read More<\/a><\/p>","protected":false},"excerpt":{"rendered":"<p>\u0130\u015f insan\u0131 Osman Kavala, Gezi Davas\u0131&#8217;ndan tutuklanmas\u0131n\u0131n 8&#8217;inci y\u0131l\u0131nda yapt\u0131\u011f\u0131 a\u00e7\u0131klamada &#8220;Temel hukuk kurallar\u0131na riayet eden, insan haklar\u0131na ve insan haysiyetine sayg\u0131 g\u00f6steren bir anlay\u0131\u015f\u0131n \u00fclkemizde de egemen olaca\u011f\u0131na inanmaya devam ediyorum\u201d dedi.\u0130\u015f insan\u0131 Osman Kavala, Gezi Davas\u0131&#8217;ndan tutuklanmas\u0131n\u0131n 8&#8217;inci y\u0131l\u0131nda yapt\u0131\u011f\u0131 a\u00e7\u0131klamada &#8220;Temel hukuk kurallar\u0131na riayet eden, insan haklar\u0131na ve insan haysiyetine sayg\u0131 g\u00f6steren [&hellip;]<\/p>\n","protected":false},"author":1,"featured_media":10020,"comment_status":"open","ping_status":"open","sticky":false,"template":"","format":"standard","meta":{"footnotes":"","_links_to":"","_links_to_target":""},"categories":[1],"tags":[],"class_list":["post-10019","post","type-post","status-publish","format-standard","has-post-thumbnail","hentry","category-haberler"],"_links":{"self":[{"href":"https:\/\/www.abchukuk.com\/index.php\/wp-json\/wp\/v2\/posts\/10019","targetHints":{"allow":["GET"]}}],"collection":[{"href":"https:\/\/www.abchukuk.com\/index.php\/wp-json\/wp\/v2\/posts"}],"about":[{"href":"https:\/\/www.abchukuk.com\/index.php\/wp-json\/wp\/v2\/types\/post"}],"author":[{"embeddable":true,"href":"https:\/\/www.abchukuk.com\/index.php\/wp-json\/wp\/v2\/users\/1"}],"replies":[{"embeddable":true,"href":"https:\/\/www.abchukuk.com\/index.php\/wp-json\/wp\/v2\/comments?post=10019"}],"version-history":[{"count":0,"href":"https:\/\/www.abchukuk.com\/index.php\/wp-json\/wp\/v2\/posts\/10019\/revisions"}],"wp:featuredmedia":[{"embeddable":true,"href":"https:\/\/www.abchukuk.com\/index.php\/wp-json\/wp\/v2\/media\/10020"}],"wp:attachment":[{"href":"https:\/\/www.abchukuk.com\/index.php\/wp-json\/wp\/v2\/media?parent=10019"}],"wp:term":[{"taxonomy":"category","embeddable":true,"href":"https:\/\/www.abchukuk.com\/index.php\/wp-json\/wp\/v2\/categories?post=10019"},{"taxonomy":"post_tag","embeddable":true,"href":"https:\/\/www.abchukuk.com\/index.php\/wp-json\/wp\/v2\/tags?post=10019"}],"curies":[{"name":"wp","href":"https:\/\/api.w.org\/{rel}","templated":true}]}}