{"id":10017,"date":"2025-11-03T07:39:00","date_gmt":"2025-11-03T07:39:00","guid":{"rendered":"https:\/\/www.abchukuk.com\/index.php\/2025\/11\/03\/ahmet-ozer-kent-uzlasisi-davasinda-3-kez-hakim-karsisinda-savcidan-15-yila-kadar-hapis-talebi\/"},"modified":"2025-11-03T07:39:00","modified_gmt":"2025-11-03T07:39:00","slug":"ahmet-ozer-kent-uzlasisi-davasinda-3-kez-hakim-karsisinda-savcidan-15-yila-kadar-hapis-talebi","status":"publish","type":"post","link":"https:\/\/www.abchukuk.com\/index.php\/2025\/11\/03\/ahmet-ozer-kent-uzlasisi-davasinda-3-kez-hakim-karsisinda-savcidan-15-yila-kadar-hapis-talebi\/","title":{"rendered":"Ahmet \u00d6zer &#8216;Kent Uzla\u015f\u0131s\u0131&#8217; davas\u0131nda 3. kez hakim kar\u015f\u0131s\u0131nda: Savc\u0131dan 15 y\u0131la kadar hapis talebi"},"content":{"rendered":"<p>Tutuklu Esenyurt Belediye Ba\u015fkan\u0131 Ahmet \u00d6zer, \u201cKent Uzla\u015f\u0131s\u0131\u201d davas\u0131 kapsam\u0131nda bug\u00fcn \u00fc\u00e7\u00fcnc\u00fc kez hakim kar\u015f\u0131s\u0131na \u00e7\u0131k\u0131yor. 14 Temmuz\u2019da Silivri\u2019de g\u00f6r\u00fclen duru\u015fmada, \u00d6zer\u2019in tahliyesine karar verilmi\u015fti. Ancak \u00d6zer hakk\u0131nda y\u00fcr\u00fct\u00fclen ba\u015fka bir soru\u015fturma nedeniyle tutuklulu\u011fu devam ediyor.Tutuklu Esenyurt Belediye Ba\u015fkan\u0131 Ahmet \u00d6zer, \u201cKent Uzla\u015f\u0131s\u0131\u201d davas\u0131 kapsam\u0131nda bug\u00fcn \u00fc\u00e7\u00fcnc\u00fc kez hakim kar\u015f\u0131s\u0131na \u00e7\u0131k\u0131yor. 14 Temmuz\u2019da Silivri\u2019de g\u00f6r\u00fclen duru\u015fmada, \u00d6zer\u2019in tahliyesine karar verilmi\u015fti. Ancak \u00d6zer hakk\u0131nda y\u00fcr\u00fct\u00fclen ba\u015fka bir soru\u015fturma nedeniyle tutuklulu\u011fu devam ediyor.\u00a0<a href=\"https:\/\/www.cumhuriyet.com.tr\/turkiye\/ahmet-ozer-kent-uzlasisi-davasinda-3-kez-hakim-karsisina-cikacak-2449292\" target=\"_blank\" class=\"feedzy-rss-link-icon\">Read More<\/a><\/p>","protected":false},"excerpt":{"rendered":"<p>Tutuklu Esenyurt Belediye Ba\u015fkan\u0131 Ahmet \u00d6zer, \u201cKent Uzla\u015f\u0131s\u0131\u201d davas\u0131 kapsam\u0131nda bug\u00fcn \u00fc\u00e7\u00fcnc\u00fc kez hakim kar\u015f\u0131s\u0131na \u00e7\u0131k\u0131yor. 14 Temmuz\u2019da Silivri\u2019de g\u00f6r\u00fclen duru\u015fmada, \u00d6zer\u2019in tahliyesine karar verilmi\u015fti. Ancak \u00d6zer hakk\u0131nda y\u00fcr\u00fct\u00fclen ba\u015fka bir soru\u015fturma nedeniyle tutuklulu\u011fu devam ediyor.Tutuklu Esenyurt Belediye Ba\u015fkan\u0131 Ahmet \u00d6zer, \u201cKent Uzla\u015f\u0131s\u0131\u201d davas\u0131 kapsam\u0131nda bug\u00fcn \u00fc\u00e7\u00fcnc\u00fc kez hakim kar\u015f\u0131s\u0131na \u00e7\u0131k\u0131yor. 14 Temmuz\u2019da Silivri\u2019de g\u00f6r\u00fclen [&hellip;]<\/p>\n","protected":false},"author":1,"featured_media":10018,"comment_status":"open","ping_status":"open","sticky":false,"template":"","format":"standard","meta":{"footnotes":"","_links_to":"","_links_to_target":""},"categories":[1],"tags":[],"class_list":["post-10017","post","type-post","status-publish","format-standard","has-post-thumbnail","hentry","category-haberler"],"_links":{"self":[{"href":"https:\/\/www.abchukuk.com\/index.php\/wp-json\/wp\/v2\/posts\/10017","targetHints":{"allow":["GET"]}}],"collection":[{"href":"https:\/\/www.abchukuk.com\/index.php\/wp-json\/wp\/v2\/posts"}],"about":[{"href":"https:\/\/www.abchukuk.com\/index.php\/wp-json\/wp\/v2\/types\/post"}],"author":[{"embeddable":true,"href":"https:\/\/www.abchukuk.com\/index.php\/wp-json\/wp\/v2\/users\/1"}],"replies":[{"embeddable":true,"href":"https:\/\/www.abchukuk.com\/index.php\/wp-json\/wp\/v2\/comments?post=10017"}],"version-history":[{"count":0,"href":"https:\/\/www.abchukuk.com\/index.php\/wp-json\/wp\/v2\/posts\/10017\/revisions"}],"wp:featuredmedia":[{"embeddable":true,"href":"https:\/\/www.abchukuk.com\/index.php\/wp-json\/wp\/v2\/media\/10018"}],"wp:attachment":[{"href":"https:\/\/www.abchukuk.com\/index.php\/wp-json\/wp\/v2\/media?parent=10017"}],"wp:term":[{"taxonomy":"category","embeddable":true,"href":"https:\/\/www.abchukuk.com\/index.php\/wp-json\/wp\/v2\/categories?post=10017"},{"taxonomy":"post_tag","embeddable":true,"href":"https:\/\/www.abchukuk.com\/index.php\/wp-json\/wp\/v2\/tags?post=10017"}],"curies":[{"name":"wp","href":"https:\/\/api.w.org\/{rel}","templated":true}]}}