{"id":10014,"date":"2025-11-01T16:32:49","date_gmt":"2025-11-01T16:32:49","guid":{"rendered":"https:\/\/www.abchukuk.com\/index.php\/2025\/11\/01\/tutuklulugunun-sekizinci-yilinda-osman-kavalaya-destek-mesajlari-nobel-baris-odulune-aday-gosterelim\/"},"modified":"2025-11-01T16:32:49","modified_gmt":"2025-11-01T16:32:49","slug":"tutuklulugunun-sekizinci-yilinda-osman-kavalaya-destek-mesajlari-nobel-baris-odulune-aday-gosterelim","status":"publish","type":"post","link":"https:\/\/www.abchukuk.com\/index.php\/2025\/11\/01\/tutuklulugunun-sekizinci-yilinda-osman-kavalaya-destek-mesajlari-nobel-baris-odulune-aday-gosterelim\/","title":{"rendered":"Tutuklulu\u011funun sekizinci y\u0131l\u0131nda Osman Kavala&#8217;ya destek mesajlar\u0131: &#8216;Nobel Bar\u0131\u015f \u00d6d\u00fcl\u00fc&#8217;ne aday g\u00f6sterelim&#8217;"},"content":{"rendered":"<p>Sivil toplum alan\u0131ndaki \u00e7al\u0131\u015fmalar\u0131yla tan\u0131nan i\u015f insan\u0131 Osman Kavala cezaevindeki dokuzuncu y\u0131l\u0131na girerken, T\u00fcrkiye&#8217;den ve d\u00fcnyadan siyaset\u00e7iler, hukuk\u00e7ular, akademisyenler ve insan haklar\u0131 savunucular\u0131 payla\u015ft\u0131klar\u0131 mesajlarla serbest b\u0131rak\u0131lmas\u0131 \u00e7a\u011fr\u0131lar\u0131n\u0131 yineledi.Sivil toplum alan\u0131ndaki \u00e7al\u0131\u015fmalar\u0131yla tan\u0131nan i\u015f insan\u0131 Osman Kavala cezaevindeki dokuzuncu y\u0131l\u0131na girerken, T\u00fcrkiye&#8217;den ve d\u00fcnyadan siyaset\u00e7iler, hukuk\u00e7ular, akademisyenler ve insan haklar\u0131 savunucular\u0131 payla\u015ft\u0131klar\u0131 mesajlarla serbest b\u0131rak\u0131lmas\u0131 \u00e7a\u011fr\u0131lar\u0131n\u0131 yineledi.\u00a0<a href=\"https:\/\/www.bbc.com\/turkce\/articles\/c6200vp2jzpo?at_medium=RSS&amp;at_campaign=rss\" target=\"_blank\" class=\"feedzy-rss-link-icon\">Read More<\/a><\/p>","protected":false},"excerpt":{"rendered":"<p>Sivil toplum alan\u0131ndaki \u00e7al\u0131\u015fmalar\u0131yla tan\u0131nan i\u015f insan\u0131 Osman Kavala cezaevindeki dokuzuncu y\u0131l\u0131na girerken, T\u00fcrkiye&#8217;den ve d\u00fcnyadan siyaset\u00e7iler, hukuk\u00e7ular, akademisyenler ve insan haklar\u0131 savunucular\u0131 payla\u015ft\u0131klar\u0131 mesajlarla serbest b\u0131rak\u0131lmas\u0131 \u00e7a\u011fr\u0131lar\u0131n\u0131 yineledi.Sivil toplum alan\u0131ndaki \u00e7al\u0131\u015fmalar\u0131yla tan\u0131nan i\u015f insan\u0131 Osman Kavala cezaevindeki dokuzuncu y\u0131l\u0131na girerken, T\u00fcrkiye&#8217;den ve d\u00fcnyadan siyaset\u00e7iler, hukuk\u00e7ular, akademisyenler ve insan haklar\u0131 savunucular\u0131 payla\u015ft\u0131klar\u0131 mesajlarla serbest b\u0131rak\u0131lmas\u0131 [&hellip;]<\/p>\n","protected":false},"author":1,"featured_media":9948,"comment_status":"open","ping_status":"open","sticky":false,"template":"","format":"standard","meta":{"footnotes":"","_links_to":"","_links_to_target":""},"categories":[1],"tags":[],"class_list":["post-10014","post","type-post","status-publish","format-standard","has-post-thumbnail","hentry","category-haberler"],"_links":{"self":[{"href":"https:\/\/www.abchukuk.com\/index.php\/wp-json\/wp\/v2\/posts\/10014","targetHints":{"allow":["GET"]}}],"collection":[{"href":"https:\/\/www.abchukuk.com\/index.php\/wp-json\/wp\/v2\/posts"}],"about":[{"href":"https:\/\/www.abchukuk.com\/index.php\/wp-json\/wp\/v2\/types\/post"}],"author":[{"embeddable":true,"href":"https:\/\/www.abchukuk.com\/index.php\/wp-json\/wp\/v2\/users\/1"}],"replies":[{"embeddable":true,"href":"https:\/\/www.abchukuk.com\/index.php\/wp-json\/wp\/v2\/comments?post=10014"}],"version-history":[{"count":0,"href":"https:\/\/www.abchukuk.com\/index.php\/wp-json\/wp\/v2\/posts\/10014\/revisions"}],"wp:featuredmedia":[{"embeddable":true,"href":"https:\/\/www.abchukuk.com\/index.php\/wp-json\/wp\/v2\/media\/9948"}],"wp:attachment":[{"href":"https:\/\/www.abchukuk.com\/index.php\/wp-json\/wp\/v2\/media?parent=10014"}],"wp:term":[{"taxonomy":"category","embeddable":true,"href":"https:\/\/www.abchukuk.com\/index.php\/wp-json\/wp\/v2\/categories?post=10014"},{"taxonomy":"post_tag","embeddable":true,"href":"https:\/\/www.abchukuk.com\/index.php\/wp-json\/wp\/v2\/tags?post=10014"}],"curies":[{"name":"wp","href":"https:\/\/api.w.org\/{rel}","templated":true}]}}