{"id":10012,"date":"2025-11-03T06:40:00","date_gmt":"2025-11-03T06:40:00","guid":{"rendered":"https:\/\/www.abchukuk.com\/index.php\/2025\/11\/03\/gulsim-ali-kimdir-bereketli-topraklar-dizisinin-savci-nevini-gulsim-ali-kac-yasinda-nereli\/"},"modified":"2025-11-03T06:40:00","modified_gmt":"2025-11-03T06:40:00","slug":"gulsim-ali-kimdir-bereketli-topraklar-dizisinin-savci-nevini-gulsim-ali-kac-yasinda-nereli","status":"publish","type":"post","link":"https:\/\/www.abchukuk.com\/index.php\/2025\/11\/03\/gulsim-ali-kimdir-bereketli-topraklar-dizisinin-savci-nevini-gulsim-ali-kac-yasinda-nereli\/","title":{"rendered":"G\u00fclsim Ali kimdir? Bereketli Topraklar dizisinin Savc\u0131 Nevin&#8217;i G\u00fclsim Ali ka\u00e7 ya\u015f\u0131nda, nereli?"},"content":{"rendered":"<p>SHOW TV ekranlar\u0131nda yay\u0131mlanmaya ba\u015flayan Berektli Topraklar dizisinde &#8220;Savc\u0131 Nevin&#8221; karakterine hayat veren G\u00fcls\u00fcm Ali&#8217;nin ya\u015fam\u0131 merak edildi. Peki, G\u00fclsim Ali kimdir? Bereketli Topraklar dizisinin Savc\u0131 Nevin&#8217;i G\u00fclsim Ali ka\u00e7 ya\u015f\u0131nda, nereli?SHOW TV ekranlar\u0131nda yay\u0131mlanmaya ba\u015flayan Berektli Topraklar dizisinde &#8220;Savc\u0131 Nevin&#8221; karakterine hayat veren G\u00fcls\u00fcm Ali&#8217;nin ya\u015fam\u0131 merak edildi. Peki, G\u00fclsim Ali kimdir? Bereketli Topraklar dizisinin Savc\u0131 Nevin&#8217;i G\u00fclsim Ali ka\u00e7 ya\u015f\u0131nda, nereli?\u00a0<a href=\"https:\/\/www.cumhuriyet.com.tr\/yasam\/gulsim-ali-kimdir-bereketli-topraklar-dizisinin-svaci-nevin-i-gulsim-ali-kac-yasinda-nereli-2449261\" target=\"_blank\" class=\"feedzy-rss-link-icon\">Read More<\/a><\/p>","protected":false},"excerpt":{"rendered":"<p>SHOW TV ekranlar\u0131nda yay\u0131mlanmaya ba\u015flayan Berektli Topraklar dizisinde &#8220;Savc\u0131 Nevin&#8221; karakterine hayat veren G\u00fcls\u00fcm Ali&#8217;nin ya\u015fam\u0131 merak edildi. Peki, G\u00fclsim Ali kimdir? Bereketli Topraklar dizisinin Savc\u0131 Nevin&#8217;i G\u00fclsim Ali ka\u00e7 ya\u015f\u0131nda, nereli?SHOW TV ekranlar\u0131nda yay\u0131mlanmaya ba\u015flayan Berektli Topraklar dizisinde &#8220;Savc\u0131 Nevin&#8221; karakterine hayat veren G\u00fcls\u00fcm Ali&#8217;nin ya\u015fam\u0131 merak edildi. Peki, G\u00fclsim Ali kimdir? Bereketli Topraklar [&hellip;]<\/p>\n","protected":false},"author":1,"featured_media":10013,"comment_status":"open","ping_status":"open","sticky":false,"template":"","format":"standard","meta":{"footnotes":"","_links_to":"","_links_to_target":""},"categories":[1],"tags":[],"class_list":["post-10012","post","type-post","status-publish","format-standard","has-post-thumbnail","hentry","category-haberler"],"_links":{"self":[{"href":"https:\/\/www.abchukuk.com\/index.php\/wp-json\/wp\/v2\/posts\/10012","targetHints":{"allow":["GET"]}}],"collection":[{"href":"https:\/\/www.abchukuk.com\/index.php\/wp-json\/wp\/v2\/posts"}],"about":[{"href":"https:\/\/www.abchukuk.com\/index.php\/wp-json\/wp\/v2\/types\/post"}],"author":[{"embeddable":true,"href":"https:\/\/www.abchukuk.com\/index.php\/wp-json\/wp\/v2\/users\/1"}],"replies":[{"embeddable":true,"href":"https:\/\/www.abchukuk.com\/index.php\/wp-json\/wp\/v2\/comments?post=10012"}],"version-history":[{"count":0,"href":"https:\/\/www.abchukuk.com\/index.php\/wp-json\/wp\/v2\/posts\/10012\/revisions"}],"wp:featuredmedia":[{"embeddable":true,"href":"https:\/\/www.abchukuk.com\/index.php\/wp-json\/wp\/v2\/media\/10013"}],"wp:attachment":[{"href":"https:\/\/www.abchukuk.com\/index.php\/wp-json\/wp\/v2\/media?parent=10012"}],"wp:term":[{"taxonomy":"category","embeddable":true,"href":"https:\/\/www.abchukuk.com\/index.php\/wp-json\/wp\/v2\/categories?post=10012"},{"taxonomy":"post_tag","embeddable":true,"href":"https:\/\/www.abchukuk.com\/index.php\/wp-json\/wp\/v2\/tags?post=10012"}],"curies":[{"name":"wp","href":"https:\/\/api.w.org\/{rel}","templated":true}]}}