{"id":10010,"date":"2025-11-03T06:54:00","date_gmt":"2025-11-03T06:54:00","guid":{"rendered":"https:\/\/www.abchukuk.com\/index.php\/2025\/11\/03\/o-sozler-yargiya-tasiniyor-namik-kemal-zeybekten-sarayin-danismani-oktay-sarala-dava\/"},"modified":"2025-11-03T06:54:00","modified_gmt":"2025-11-03T06:54:00","slug":"o-sozler-yargiya-tasiniyor-namik-kemal-zeybekten-sarayin-danismani-oktay-sarala-dava","status":"publish","type":"post","link":"https:\/\/www.abchukuk.com\/index.php\/2025\/11\/03\/o-sozler-yargiya-tasiniyor-namik-kemal-zeybekten-sarayin-danismani-oktay-sarala-dava\/","title":{"rendered":"O s\u00f6zler yarg\u0131ya ta\u015f\u0131n\u0131yor: Nam\u0131k Kemal Zeybek&#8217;ten Saray&#8217;\u0131n dan\u0131\u015fman\u0131 Oktay Saral&#8217;a dava"},"content":{"rendered":"<p>Eski K\u00fclt\u00fcr Bakan\u0131 Nam\u0131k Kemal Zeybek, kendisi hakk\u0131nda &#8220;Kendini fasulye s\u0131r\u0131\u011f\u0131ndan zannediyor&#8221;, &#8220;Bu beyni sulanm\u0131\u015f \u015fahsa bir ak\u0131l hastanesinde tedavi olmas\u0131n\u0131 sal\u0131k veririm&#8221; gibi , &#8220;Anlam\u0131n\u0131 bilmeden yazd\u0131\u011f\u0131 s\u00f6z yarg\u0131 konusu olacak&#8221; gibi ifadeler kullanan Cumhurba\u015fkan\u0131 Ba\u015fdan\u0131\u015fman\u0131 Oktay Saral&#8217;\u0131 dava edece\u011fini duyurdu.Eski K\u00fclt\u00fcr Bakan\u0131 Nam\u0131k Kemal Zeybek, kendisi hakk\u0131nda &#8220;Kendini fasulye s\u0131r\u0131\u011f\u0131ndan zannediyor&#8221;, &#8220;Bu beyni sulanm\u0131\u015f \u015fahsa bir ak\u0131l hastanesinde tedavi olmas\u0131n\u0131 sal\u0131k veririm&#8221; gibi , &#8220;Anlam\u0131n\u0131 bilmeden yazd\u0131\u011f\u0131 s\u00f6z yarg\u0131 konusu olacak&#8221; gibi ifadeler kullanan Cumhurba\u015fkan\u0131 Ba\u015fdan\u0131\u015fman\u0131 Oktay Saral&#8217;\u0131 dava edece\u011fini duyurdu.\u00a0<a href=\"https:\/\/www.cumhuriyet.com.tr\/siyaset\/o-sozler-yargiya-tasiniyor-namik-kemal-zeybek-ten-saray-in-danismani-oktay-saral-a-dava-2449271\" target=\"_blank\" class=\"feedzy-rss-link-icon\">Read More<\/a><\/p>","protected":false},"excerpt":{"rendered":"<p>Eski K\u00fclt\u00fcr Bakan\u0131 Nam\u0131k Kemal Zeybek, kendisi hakk\u0131nda &#8220;Kendini fasulye s\u0131r\u0131\u011f\u0131ndan zannediyor&#8221;, &#8220;Bu beyni sulanm\u0131\u015f \u015fahsa bir ak\u0131l hastanesinde tedavi olmas\u0131n\u0131 sal\u0131k veririm&#8221; gibi , &#8220;Anlam\u0131n\u0131 bilmeden yazd\u0131\u011f\u0131 s\u00f6z yarg\u0131 konusu olacak&#8221; gibi ifadeler kullanan Cumhurba\u015fkan\u0131 Ba\u015fdan\u0131\u015fman\u0131 Oktay Saral&#8217;\u0131 dava edece\u011fini duyurdu.Eski K\u00fclt\u00fcr Bakan\u0131 Nam\u0131k Kemal Zeybek, kendisi hakk\u0131nda &#8220;Kendini fasulye s\u0131r\u0131\u011f\u0131ndan zannediyor&#8221;, &#8220;Bu beyni [&hellip;]<\/p>\n","protected":false},"author":1,"featured_media":10011,"comment_status":"open","ping_status":"open","sticky":false,"template":"","format":"standard","meta":{"footnotes":"","_links_to":"","_links_to_target":""},"categories":[1],"tags":[],"class_list":["post-10010","post","type-post","status-publish","format-standard","has-post-thumbnail","hentry","category-haberler"],"_links":{"self":[{"href":"https:\/\/www.abchukuk.com\/index.php\/wp-json\/wp\/v2\/posts\/10010","targetHints":{"allow":["GET"]}}],"collection":[{"href":"https:\/\/www.abchukuk.com\/index.php\/wp-json\/wp\/v2\/posts"}],"about":[{"href":"https:\/\/www.abchukuk.com\/index.php\/wp-json\/wp\/v2\/types\/post"}],"author":[{"embeddable":true,"href":"https:\/\/www.abchukuk.com\/index.php\/wp-json\/wp\/v2\/users\/1"}],"replies":[{"embeddable":true,"href":"https:\/\/www.abchukuk.com\/index.php\/wp-json\/wp\/v2\/comments?post=10010"}],"version-history":[{"count":0,"href":"https:\/\/www.abchukuk.com\/index.php\/wp-json\/wp\/v2\/posts\/10010\/revisions"}],"wp:featuredmedia":[{"embeddable":true,"href":"https:\/\/www.abchukuk.com\/index.php\/wp-json\/wp\/v2\/media\/10011"}],"wp:attachment":[{"href":"https:\/\/www.abchukuk.com\/index.php\/wp-json\/wp\/v2\/media?parent=10010"}],"wp:term":[{"taxonomy":"category","embeddable":true,"href":"https:\/\/www.abchukuk.com\/index.php\/wp-json\/wp\/v2\/categories?post=10010"},{"taxonomy":"post_tag","embeddable":true,"href":"https:\/\/www.abchukuk.com\/index.php\/wp-json\/wp\/v2\/tags?post=10010"}],"curies":[{"name":"wp","href":"https:\/\/api.w.org\/{rel}","templated":true}]}}