{"id":10008,"date":"2025-11-03T05:34:00","date_gmt":"2025-11-03T05:34:00","guid":{"rendered":"https:\/\/www.abchukuk.com\/index.php\/2025\/11\/03\/yerlikaya-duyurdu-59-ilde-siber-suc-operasyonlari-190-tutuklama\/"},"modified":"2025-11-03T05:34:00","modified_gmt":"2025-11-03T05:34:00","slug":"yerlikaya-duyurdu-59-ilde-siber-suc-operasyonlari-190-tutuklama","status":"publish","type":"post","link":"https:\/\/www.abchukuk.com\/index.php\/2025\/11\/03\/yerlikaya-duyurdu-59-ilde-siber-suc-operasyonlari-190-tutuklama\/","title":{"rendered":"Yerlikaya duyurdu&#8230; 59 ilde siber su\u00e7 operasyonlar\u0131, 190 tutuklama!"},"content":{"rendered":"<p>Bakan Ali Yerlikaya, &#8220;59 il merkezli &#8216;\u00c7evrim \u0130\u00e7i \u00c7ocuk M\u00fcstehcenli\u011fi ve Tacizi, Yasa D\u0131\u015f\u0131 Bahis ve Nitelikli Doland\u0131r\u0131c\u0131l\u0131k&#8217; su\u00e7lar\u0131na y\u00f6nelik d\u00fczenlenen operasyonlar\u0131m\u0131zda; 190 \u015f\u00fcpheli \u015fah\u0131s tutukland\u0131, 111\u2019i hakk\u0131nda adli kontrol h\u00fck\u00fcmleri uyguland\u0131. Di\u011ferlerinin i\u015flemleri devam ediyor&#8221; a\u00e7\u0131klamas\u0131nda bulundu.Bakan Ali Yerlikaya, &#8220;59 il merkezli &#8216;\u00c7evrim \u0130\u00e7i \u00c7ocuk M\u00fcstehcenli\u011fi ve Tacizi, Yasa D\u0131\u015f\u0131 Bahis ve Nitelikli Doland\u0131r\u0131c\u0131l\u0131k&#8217; su\u00e7lar\u0131na y\u00f6nelik d\u00fczenlenen operasyonlar\u0131m\u0131zda; 190 \u015f\u00fcpheli \u015fah\u0131s tutukland\u0131, 111\u2019i hakk\u0131nda adli kontrol h\u00fck\u00fcmleri uyguland\u0131. Di\u011ferlerinin i\u015flemleri devam ediyor&#8221; a\u00e7\u0131klamas\u0131nda bulundu.\u00a0<a href=\"https:\/\/www.cumhuriyet.com.tr\/turkiye\/yerlikaya-duyurdu-59-ilde-siber-suc-operasyonlari-190-tutuklama-2449241\" target=\"_blank\" class=\"feedzy-rss-link-icon\">Read More<\/a><\/p>","protected":false},"excerpt":{"rendered":"<p>Bakan Ali Yerlikaya, &#8220;59 il merkezli &#8216;\u00c7evrim \u0130\u00e7i \u00c7ocuk M\u00fcstehcenli\u011fi ve Tacizi, Yasa D\u0131\u015f\u0131 Bahis ve Nitelikli Doland\u0131r\u0131c\u0131l\u0131k&#8217; su\u00e7lar\u0131na y\u00f6nelik d\u00fczenlenen operasyonlar\u0131m\u0131zda; 190 \u015f\u00fcpheli \u015fah\u0131s tutukland\u0131, 111\u2019i hakk\u0131nda adli kontrol h\u00fck\u00fcmleri uyguland\u0131. Di\u011ferlerinin i\u015flemleri devam ediyor&#8221; a\u00e7\u0131klamas\u0131nda bulundu.Bakan Ali Yerlikaya, &#8220;59 il merkezli &#8216;\u00c7evrim \u0130\u00e7i \u00c7ocuk M\u00fcstehcenli\u011fi ve Tacizi, Yasa D\u0131\u015f\u0131 Bahis ve Nitelikli Doland\u0131r\u0131c\u0131l\u0131k&#8217; [&hellip;]<\/p>\n","protected":false},"author":1,"featured_media":10009,"comment_status":"open","ping_status":"open","sticky":false,"template":"","format":"standard","meta":{"footnotes":"","_links_to":"","_links_to_target":""},"categories":[1],"tags":[],"class_list":["post-10008","post","type-post","status-publish","format-standard","has-post-thumbnail","hentry","category-haberler"],"_links":{"self":[{"href":"https:\/\/www.abchukuk.com\/index.php\/wp-json\/wp\/v2\/posts\/10008","targetHints":{"allow":["GET"]}}],"collection":[{"href":"https:\/\/www.abchukuk.com\/index.php\/wp-json\/wp\/v2\/posts"}],"about":[{"href":"https:\/\/www.abchukuk.com\/index.php\/wp-json\/wp\/v2\/types\/post"}],"author":[{"embeddable":true,"href":"https:\/\/www.abchukuk.com\/index.php\/wp-json\/wp\/v2\/users\/1"}],"replies":[{"embeddable":true,"href":"https:\/\/www.abchukuk.com\/index.php\/wp-json\/wp\/v2\/comments?post=10008"}],"version-history":[{"count":0,"href":"https:\/\/www.abchukuk.com\/index.php\/wp-json\/wp\/v2\/posts\/10008\/revisions"}],"wp:featuredmedia":[{"embeddable":true,"href":"https:\/\/www.abchukuk.com\/index.php\/wp-json\/wp\/v2\/media\/10009"}],"wp:attachment":[{"href":"https:\/\/www.abchukuk.com\/index.php\/wp-json\/wp\/v2\/media?parent=10008"}],"wp:term":[{"taxonomy":"category","embeddable":true,"href":"https:\/\/www.abchukuk.com\/index.php\/wp-json\/wp\/v2\/categories?post=10008"},{"taxonomy":"post_tag","embeddable":true,"href":"https:\/\/www.abchukuk.com\/index.php\/wp-json\/wp\/v2\/tags?post=10008"}],"curies":[{"name":"wp","href":"https:\/\/api.w.org\/{rel}","templated":true}]}}