{"id":10002,"date":"2025-11-02T12:56:43","date_gmt":"2025-11-02T12:56:43","guid":{"rendered":"https:\/\/www.abchukuk.com\/index.php\/2025\/11\/02\/cezaevinde-kizini-hastanelik-etti\/"},"modified":"2025-11-02T12:56:43","modified_gmt":"2025-11-02T12:56:43","slug":"cezaevinde-kizini-hastanelik-etti","status":"publish","type":"post","link":"https:\/\/www.abchukuk.com\/index.php\/2025\/11\/02\/cezaevinde-kizini-hastanelik-etti\/","title":{"rendered":"Cezaevinde k\u0131z\u0131n\u0131 hastanelik etti!"},"content":{"rendered":"<p>Bolu&#8217;da T Tipi Kapal\u0131 Cezaevi&#8217;nde, e\u015fi ve k\u0131z\u0131n\u0131n ziyaret etti\u011fi bir mahkum, e\u015fiyle tart\u0131\u015fmas\u0131 sonucu 4 ya\u015f\u0131ndaki k\u0131z\u0131n\u0131 duvara f\u0131rlatt\u0131. K\u00fc\u00e7\u00fck k\u0131z\u0131n a\u011f\u0131r yaralan\u0131rken, yo\u011fun bak\u0131mda tedavi alt\u0131na al\u0131nd\u0131. Mahkum &#8220;baba&#8221; ise tek ki\u015filik h\u00fccreye konulduBolu&#8217;da T Tipi Kapal\u0131 Cezaevi&#8217;nde, e\u015fi ve k\u0131z\u0131n\u0131n ziyaret etti\u011fi bir mahkum, e\u015fiyle tart\u0131\u015fmas\u0131 sonucu 4 ya\u015f\u0131ndaki k\u0131z\u0131n\u0131 duvara f\u0131rlatt\u0131. K\u00fc\u00e7\u00fck k\u0131z\u0131n a\u011f\u0131r yaralan\u0131rken, yo\u011fun bak\u0131mda tedavi alt\u0131na al\u0131nd\u0131. Mahkum &#8220;baba&#8221; ise tek ki\u015filik h\u00fccreye konuldu\u00a0<a href=\"https:\/\/www.haberturk.com\/son-dakika-boluda-cezaevinde-akilalmaz-olay-bir-mahkum-cocugunu-hastanelik-etti-3834706\" target=\"_blank\" class=\"feedzy-rss-link-icon\">Read More<\/a><\/p>","protected":false},"excerpt":{"rendered":"<p>Bolu&#8217;da T Tipi Kapal\u0131 Cezaevi&#8217;nde, e\u015fi ve k\u0131z\u0131n\u0131n ziyaret etti\u011fi bir mahkum, e\u015fiyle tart\u0131\u015fmas\u0131 sonucu 4 ya\u015f\u0131ndaki k\u0131z\u0131n\u0131 duvara f\u0131rlatt\u0131. K\u00fc\u00e7\u00fck k\u0131z\u0131n a\u011f\u0131r yaralan\u0131rken, yo\u011fun bak\u0131mda tedavi alt\u0131na al\u0131nd\u0131. Mahkum &#8220;baba&#8221; ise tek ki\u015filik h\u00fccreye konulduBolu&#8217;da T Tipi Kapal\u0131 Cezaevi&#8217;nde, e\u015fi ve k\u0131z\u0131n\u0131n ziyaret etti\u011fi bir mahkum, e\u015fiyle tart\u0131\u015fmas\u0131 sonucu 4 ya\u015f\u0131ndaki k\u0131z\u0131n\u0131 duvara f\u0131rlatt\u0131. [&hellip;]<\/p>\n","protected":false},"author":1,"featured_media":0,"comment_status":"open","ping_status":"open","sticky":false,"template":"","format":"standard","meta":{"footnotes":"","_links_to":"","_links_to_target":""},"categories":[1],"tags":[],"class_list":["post-10002","post","type-post","status-publish","format-standard","hentry","category-haberler"],"_links":{"self":[{"href":"https:\/\/www.abchukuk.com\/index.php\/wp-json\/wp\/v2\/posts\/10002","targetHints":{"allow":["GET"]}}],"collection":[{"href":"https:\/\/www.abchukuk.com\/index.php\/wp-json\/wp\/v2\/posts"}],"about":[{"href":"https:\/\/www.abchukuk.com\/index.php\/wp-json\/wp\/v2\/types\/post"}],"author":[{"embeddable":true,"href":"https:\/\/www.abchukuk.com\/index.php\/wp-json\/wp\/v2\/users\/1"}],"replies":[{"embeddable":true,"href":"https:\/\/www.abchukuk.com\/index.php\/wp-json\/wp\/v2\/comments?post=10002"}],"version-history":[{"count":0,"href":"https:\/\/www.abchukuk.com\/index.php\/wp-json\/wp\/v2\/posts\/10002\/revisions"}],"wp:attachment":[{"href":"https:\/\/www.abchukuk.com\/index.php\/wp-json\/wp\/v2\/media?parent=10002"}],"wp:term":[{"taxonomy":"category","embeddable":true,"href":"https:\/\/www.abchukuk.com\/index.php\/wp-json\/wp\/v2\/categories?post=10002"},{"taxonomy":"post_tag","embeddable":true,"href":"https:\/\/www.abchukuk.com\/index.php\/wp-json\/wp\/v2\/tags?post=10002"}],"curies":[{"name":"wp","href":"https:\/\/api.w.org\/{rel}","templated":true}]}}