{"id":10000,"date":"2025-11-02T17:10:55","date_gmt":"2025-11-02T17:10:55","guid":{"rendered":"https:\/\/www.abchukuk.com\/index.php\/2025\/11\/02\/cezaevinde-yasanan-siddet-olayina-iliskin-aciklama\/"},"modified":"2025-11-02T17:10:55","modified_gmt":"2025-11-02T17:10:55","slug":"cezaevinde-yasanan-siddet-olayina-iliskin-aciklama","status":"publish","type":"post","link":"https:\/\/www.abchukuk.com\/index.php\/2025\/11\/02\/cezaevinde-yasanan-siddet-olayina-iliskin-aciklama\/","title":{"rendered":"Cezaevinde ya\u015fanan \u015fiddet olay\u0131na ili\u015fkin a\u00e7\u0131klama"},"content":{"rendered":"<p>Ceza ve Tevkifevleri (CTE) Genel M\u00fcd\u00fcrl\u00fc\u011f\u00fc, Bolu T Tipi Kapal\u0131 Ceza \u0130nfaz Kurumu a\u00e7\u0131k g\u00f6r\u00fc\u015f alan\u0131nda, h\u00fck\u00fcml\u00fc H.A&#8217;n\u0131n, \u00e7ocu\u011funa ani ve fiziksel \u015fiddet i\u00e7eren bir davran\u0131\u015fta bulundu\u011funu, olaya, a\u00e7\u0131k g\u00f6r\u00fc\u015f alan\u0131nda g\u00f6rev yapan infaz ve koruma memurlar\u0131n\u0131n derhal m\u00fcdahale etti\u011fini bildirdi.Ceza ve Tevkifevleri (CTE) Genel M\u00fcd\u00fcrl\u00fc\u011f\u00fc, Bolu T Tipi Kapal\u0131 Ceza \u0130nfaz Kurumu a\u00e7\u0131k g\u00f6r\u00fc\u015f alan\u0131nda, h\u00fck\u00fcml\u00fc H.A&#8217;n\u0131n, \u00e7ocu\u011funa ani ve fiziksel \u015fiddet i\u00e7eren bir davran\u0131\u015fta bulundu\u011funu, olaya, a\u00e7\u0131k g\u00f6r\u00fc\u015f alan\u0131nda g\u00f6rev yapan infaz ve koruma memurlar\u0131n\u0131n derhal m\u00fcdahale etti\u011fini bildirdi.\u00a0<a href=\"https:\/\/www.haberturk.com\/cezaevinde-yasanan-siddet-olayina-iliskin-aciklama-3834760\" target=\"_blank\" class=\"feedzy-rss-link-icon\">Read More<\/a><\/p>","protected":false},"excerpt":{"rendered":"<p>Ceza ve Tevkifevleri (CTE) Genel M\u00fcd\u00fcrl\u00fc\u011f\u00fc, Bolu T Tipi Kapal\u0131 Ceza \u0130nfaz Kurumu a\u00e7\u0131k g\u00f6r\u00fc\u015f alan\u0131nda, h\u00fck\u00fcml\u00fc H.A&#8217;n\u0131n, \u00e7ocu\u011funa ani ve fiziksel \u015fiddet i\u00e7eren bir davran\u0131\u015fta bulundu\u011funu, olaya, a\u00e7\u0131k g\u00f6r\u00fc\u015f alan\u0131nda g\u00f6rev yapan infaz ve koruma memurlar\u0131n\u0131n derhal m\u00fcdahale etti\u011fini bildirdi.Ceza ve Tevkifevleri (CTE) Genel M\u00fcd\u00fcrl\u00fc\u011f\u00fc, Bolu T Tipi Kapal\u0131 Ceza \u0130nfaz Kurumu a\u00e7\u0131k g\u00f6r\u00fc\u015f [&hellip;]<\/p>\n","protected":false},"author":1,"featured_media":0,"comment_status":"open","ping_status":"open","sticky":false,"template":"","format":"standard","meta":{"footnotes":"","_links_to":"","_links_to_target":""},"categories":[1],"tags":[],"class_list":["post-10000","post","type-post","status-publish","format-standard","hentry","category-haberler"],"_links":{"self":[{"href":"https:\/\/www.abchukuk.com\/index.php\/wp-json\/wp\/v2\/posts\/10000","targetHints":{"allow":["GET"]}}],"collection":[{"href":"https:\/\/www.abchukuk.com\/index.php\/wp-json\/wp\/v2\/posts"}],"about":[{"href":"https:\/\/www.abchukuk.com\/index.php\/wp-json\/wp\/v2\/types\/post"}],"author":[{"embeddable":true,"href":"https:\/\/www.abchukuk.com\/index.php\/wp-json\/wp\/v2\/users\/1"}],"replies":[{"embeddable":true,"href":"https:\/\/www.abchukuk.com\/index.php\/wp-json\/wp\/v2\/comments?post=10000"}],"version-history":[{"count":0,"href":"https:\/\/www.abchukuk.com\/index.php\/wp-json\/wp\/v2\/posts\/10000\/revisions"}],"wp:attachment":[{"href":"https:\/\/www.abchukuk.com\/index.php\/wp-json\/wp\/v2\/media?parent=10000"}],"wp:term":[{"taxonomy":"category","embeddable":true,"href":"https:\/\/www.abchukuk.com\/index.php\/wp-json\/wp\/v2\/categories?post=10000"},{"taxonomy":"post_tag","embeddable":true,"href":"https:\/\/www.abchukuk.com\/index.php\/wp-json\/wp\/v2\/tags?post=10000"}],"curies":[{"name":"wp","href":"https:\/\/api.w.org\/{rel}","templated":true}]}}